{"id":8777,"date":"2026-09-03T08:21:19","date_gmt":"2026-09-03T06:21:19","guid":{"rendered":"https:\/\/mairie-curienne.fr\/?p=8777"},"modified":"2026-09-03T08:28:01","modified_gmt":"2026-09-03T06:28:01","slug":"forum-des-associations","status":"publish","type":"post","link":"https:\/\/mairie-curienne.fr\/index.php\/2026\/09\/03\/forum-des-associations\/","title":{"rendered":"Forum des associations"},"content":{"rendered":"\t\t<div data-elementor-type=\"wp-post\" data-elementor-id=\"8777\" class=\"elementor elementor-8777\">\n\t\t\t\t\t\t<div class=\"elementor-inner\">\n\t\t\t\t<div class=\"elementor-section-wrap\">\n\t\t\t\t\t\t\t\t\t<section class=\"elementor-section elementor-top-section elementor-element elementor-element-9915a41 elementor-section-boxed elementor-section-height-default elementor-section-height-default\" data-id=\"9915a41\" data-element_type=\"section\">\n\t\t\t\t\t\t<div class=\"elementor-container elementor-column-gap-default\">\n\t\t\t\t\t\t\t<div class=\"elementor-row\">\n\t\t\t\t\t<div class=\"elementor-column elementor-col-100 elementor-top-column elementor-element elementor-element-3ed8f9b\" data-id=\"3ed8f9b\" data-element_type=\"column\">\n\t\t\t<div class=\"elementor-column-wrap elementor-element-populated\">\n\t\t\t\t\t\t\t<div class=\"elementor-widget-wrap\">\n\t\t\t\t\t\t<div class=\"elementor-element elementor-element-f74e82b elementor-widget elementor-widget-text-editor\" data-id=\"f74e82b\" data-element_type=\"widget\" data-widget_type=\"text-editor.default\">\n\t\t\t\t<div class=\"elementor-widget-container\">\n\t\t\t\t\t\t\t\t<div class=\"elementor-text-editor elementor-clearfix\">\n\t\t\t\t<p>Pour rappel, ce <strong>dimanche 6 septembr<\/strong>e c&rsquo;est le forum des association \u00e0 Curienne de <strong>9h30<\/strong> \u00e0 <strong>12h<\/strong> \u00e0 la salle polyvalente.<\/p><p>Venez rencontrer les associations qui font vivre le plateau de la Leysse.<\/p><p>Une animation de construction de chalet en taille r\u00e9elle pour les enfants (et les plus grand !) sera pr\u00e9sente (sur le m\u00eame principe que Jeujura mais \u00e0 l&rsquo;\u00e9chelle 1:1).<\/p><p>Plus d&rsquo;infos : <a href=\"https:\/\/www.macabane.eu\/\">https:\/\/www.macabane.eu\/<\/a><\/p>\t\t\t\t\t<\/div>\n\t\t\t\t\t\t<\/div>\n\t\t\t\t<\/div>\n\t\t\t\t\t\t<\/div>\n\t\t\t\t\t<\/div>\n\t\t<\/div>\n\t\t\t\t\t\t\t\t<\/div>\n\t\t\t\t\t<\/div>\n\t\t<\/section>\n\t\t\t\t\t\t\t\t\t<\/div>\n\t\t\t<\/div>\n\t\t\t\t\t<\/div>\n\t\t","protected":false},"excerpt":{"rendered":"<p>Pour rappel, ce dimanche 6 septembre c&rsquo;est le forum des association \u00e0 Curienne de 9h30 \u00e0 12h \u00e0 la salle polyvalente. Venez rencontrer les associations qui font vivre le plateau de la Leysse. Une animation de construction de chalet en taille r\u00e9elle pour les enfants (et les plus grand !) sera pr\u00e9sente (sur le m\u00eame [&hellip;]<\/p>\n","protected":false},"author":2,"featured_media":8778,"comment_status":"closed","ping_status":"closed","sticky":false,"template":"","format":"standard","meta":[],"categories":[88,89,90,91],"tags":[],"_links":{"self":[{"href":"https:\/\/mairie-curienne.fr\/index.php\/wp-json\/wp\/v2\/posts\/8777"}],"collection":[{"href":"https:\/\/mairie-curienne.fr\/index.php\/wp-json\/wp\/v2\/posts"}],"about":[{"href":"https:\/\/mairie-curienne.fr\/index.php\/wp-json\/wp\/v2\/types\/post"}],"author":[{"embeddable":true,"href":"https:\/\/mairie-curienne.fr\/index.php\/wp-json\/wp\/v2\/users\/2"}],"replies":[{"embeddable":true,"href":"https:\/\/mairie-curienne.fr\/index.php\/wp-json\/wp\/v2\/comments?post=8777"}],"version-history":[{"count":4,"href":"https:\/\/mairie-curienne.fr\/index.php\/wp-json\/wp\/v2\/posts\/8777\/revisions"}],"predecessor-version":[{"id":8782,"href":"https:\/\/mairie-curienne.fr\/index.php\/wp-json\/wp\/v2\/posts\/8777\/revisions\/8782"}],"wp:featuredmedia":[{"embeddable":true,"href":"https:\/\/mairie-curienne.fr\/index.php\/wp-json\/wp\/v2\/media\/8778"}],"wp:attachment":[{"href":"https:\/\/mairie-curienne.fr\/index.php\/wp-json\/wp\/v2\/media?parent=8777"}],"wp:term":[{"taxonomy":"category","embeddable":true,"href":"https:\/\/mairie-curienne.fr\/index.php\/wp-json\/wp\/v2\/categories?post=8777"},{"taxonomy":"post_tag","embeddable":true,"href":"https:\/\/mairie-curienne.fr\/index.php\/wp-json\/wp\/v2\/tags?post=8777"}],"curies":[{"name":"wp","href":"https:\/\/api.w.org\/{rel}","templated":true}]}}