{"id":8772,"date":"2026-08-31T17:36:11","date_gmt":"2026-08-31T15:36:11","guid":{"rendered":"https:\/\/mairie-curienne.fr\/?p=8772"},"modified":"2026-08-31T18:39:44","modified_gmt":"2026-08-31T16:39:44","slug":"coupure-deau-a-montmerlet","status":"publish","type":"post","link":"https:\/\/mairie-curienne.fr\/index.php\/2026\/08\/31\/coupure-deau-a-montmerlet\/","title":{"rendered":"Coupure d&rsquo;eau"},"content":{"rendered":"\n<p>La fuite d&rsquo;eau \u00e0 Montmerlet (et la coupure d&rsquo;eau chemin de Cour et de la Roche) devrait \u00eatre r\u00e9par\u00e9e d&rsquo;ici ce soir, le r\u00e9tablissement du service est estim\u00e9 vers <strong>21h<\/strong> ce lundi 31 ao\u00fbt.<\/p>\n\n\n\n<p>Merci de votre compr\u00e9hension<\/p>\n","protected":false},"excerpt":{"rendered":"<p>La fuite d&rsquo;eau \u00e0 Montmerlet (et la coupure d&rsquo;eau chemin de Cour et de la Roche) devrait \u00eatre r\u00e9par\u00e9e d&rsquo;ici ce soir, le r\u00e9tablissement du service est estim\u00e9 vers 21h ce lundi 31 ao\u00fbt. Merci de votre compr\u00e9hension<\/p>\n","protected":false},"author":2,"featured_media":0,"comment_status":"closed","ping_status":"closed","sticky":false,"template":"","format":"standard","meta":[],"categories":[1],"tags":[],"_links":{"self":[{"href":"https:\/\/mairie-curienne.fr\/index.php\/wp-json\/wp\/v2\/posts\/8772"}],"collection":[{"href":"https:\/\/mairie-curienne.fr\/index.php\/wp-json\/wp\/v2\/posts"}],"about":[{"href":"https:\/\/mairie-curienne.fr\/index.php\/wp-json\/wp\/v2\/types\/post"}],"author":[{"embeddable":true,"href":"https:\/\/mairie-curienne.fr\/index.php\/wp-json\/wp\/v2\/users\/2"}],"replies":[{"embeddable":true,"href":"https:\/\/mairie-curienne.fr\/index.php\/wp-json\/wp\/v2\/comments?post=8772"}],"version-history":[{"count":3,"href":"https:\/\/mairie-curienne.fr\/index.php\/wp-json\/wp\/v2\/posts\/8772\/revisions"}],"predecessor-version":[{"id":8776,"href":"https:\/\/mairie-curienne.fr\/index.php\/wp-json\/wp\/v2\/posts\/8772\/revisions\/8776"}],"wp:attachment":[{"href":"https:\/\/mairie-curienne.fr\/index.php\/wp-json\/wp\/v2\/media?parent=8772"}],"wp:term":[{"taxonomy":"category","embeddable":true,"href":"https:\/\/mairie-curienne.fr\/index.php\/wp-json\/wp\/v2\/categories?post=8772"},{"taxonomy":"post_tag","embeddable":true,"href":"https:\/\/mairie-curienne.fr\/index.php\/wp-json\/wp\/v2\/tags?post=8772"}],"curies":[{"name":"wp","href":"https:\/\/api.w.org\/{rel}","templated":true}]}}