{"id":8344,"date":"2026-01-26T21:54:45","date_gmt":"2026-01-26T20:54:45","guid":{"rendered":"https:\/\/mairie-curienne.fr\/?p=8344"},"modified":"2026-01-28T08:58:10","modified_gmt":"2026-01-28T07:58:10","slug":"concours-photo","status":"publish","type":"post","link":"https:\/\/mairie-curienne.fr\/index.php\/2026\/01\/26\/concours-photo\/","title":{"rendered":"Concours photo"},"content":{"rendered":"\t\t<div data-elementor-type=\"wp-post\" data-elementor-id=\"8344\" class=\"elementor elementor-8344\">\n\t\t\t\t\t\t<div class=\"elementor-inner\">\n\t\t\t\t<div class=\"elementor-section-wrap\">\n\t\t\t\t\t\t\t\t\t<section class=\"elementor-section elementor-top-section elementor-element elementor-element-6c4193f elementor-section-boxed elementor-section-height-default elementor-section-height-default\" data-id=\"6c4193f\" data-element_type=\"section\">\n\t\t\t\t\t\t<div class=\"elementor-container elementor-column-gap-default\">\n\t\t\t\t\t\t\t<div class=\"elementor-row\">\n\t\t\t\t\t<div class=\"elementor-column elementor-col-100 elementor-top-column elementor-element elementor-element-8ee7f81\" data-id=\"8ee7f81\" data-element_type=\"column\">\n\t\t\t<div class=\"elementor-column-wrap elementor-element-populated\">\n\t\t\t\t\t\t\t<div class=\"elementor-widget-wrap\">\n\t\t\t\t\t\t<div class=\"elementor-element elementor-element-0818ef8 elementor-widget elementor-widget-text-editor\" data-id=\"0818ef8\" data-element_type=\"widget\" data-widget_type=\"text-editor.default\">\n\t\t\t\t<div class=\"elementor-widget-container\">\n\t\t\t\t\t\t\t\t<div class=\"elementor-text-editor elementor-clearfix\">\n\t\t\t\t<p>Pour les personnes qui n&rsquo;\u00e9taient pas pr\u00e9sentes pendant les v\u0153ux de la nouvelle ann\u00e9e du 18 janvier, voici le support de pr\u00e9sentation : <a href=\"https:\/\/mairie-curienne.fr\/wp-content\/uploads\/2020\/07\/Voeux_2026.pdf\">Pr\u00e9sentation v\u0153ux 2026<\/a><\/p><p>Encore merci et f\u00e9licitations \u00e0 tous les participants et toutes les participantes du concours photo de la f\u00eate de No\u00ebl !<\/p><p>Voici le diaporama complet contenant toutes les photos : <a href=\"https:\/\/mairie-curienne.fr\/wp-content\/uploads\/2020\/07\/Diaporama_Fete_de_Noel_2025.odp\">Diaporama photo f\u00eate de No\u00ebl 2025<\/a><\/p><p>Ci-dessous un rappel des 5 finalistes avec leur photo associ\u00e9e.<\/p><p style=\"text-align: right;\"><strong>Bonne ann\u00e9e 2026 !<\/strong><\/p>\t\t\t\t\t<\/div>\n\t\t\t\t\t\t<\/div>\n\t\t\t\t<\/div>\n\t\t\t\t<div class=\"elementor-element elementor-element-d2c1717 elementor-widget elementor-widget-heading\" data-id=\"d2c1717\" data-element_type=\"widget\" data-widget_type=\"heading.default\">\n\t\t\t\t<div class=\"elementor-widget-container\">\n\t\t\t<h2 class=\"elementor-heading-title elementor-size-default\">1er photo n\u00b012 - Thierry Mollard<\/h2>\t\t<\/div>\n\t\t\t\t<\/div>\n\t\t\t\t<div class=\"elementor-element elementor-element-c50e1e1 elementor-widget elementor-widget-image\" data-id=\"c50e1e1\" data-element_type=\"widget\" data-widget_type=\"image.default\">\n\t\t\t\t<div class=\"elementor-widget-container\">\n\t\t\t\t\t\t\t\t<div class=\"elementor-image\">\n\t\t\t\t\t\t\t\t\t\t\t\t<img decoding=\"async\" width=\"1024\" height=\"683\" src=\"https:\/\/mairie-curienne.fr\/wp-content\/uploads\/2020\/07\/1_prix_photo_n12-1024x683.jpg\" class=\"attachment-large size-large wp-image-8308\" alt=\"\" loading=\"lazy\" srcset=\"https:\/\/mairie-curienne.fr\/wp-content\/uploads\/2020\/07\/1_prix_photo_n12-1024x683.jpg 1024w, https:\/\/mairie-curienne.fr\/wp-content\/uploads\/2020\/07\/1_prix_photo_n12-300x200.jpg 300w, https:\/\/mairie-curienne.fr\/wp-content\/uploads\/2020\/07\/1_prix_photo_n12-768x512.jpg 768w, https:\/\/mairie-curienne.fr\/wp-content\/uploads\/2020\/07\/1_prix_photo_n12-1536x1024.jpg 1536w, https:\/\/mairie-curienne.fr\/wp-content\/uploads\/2020\/07\/1_prix_photo_n12-2048x1365.jpg 2048w, https:\/\/mairie-curienne.fr\/wp-content\/uploads\/2020\/07\/1_prix_photo_n12-600x400.jpg 600w, https:\/\/mairie-curienne.fr\/wp-content\/uploads\/2020\/07\/1_prix_photo_n12-560x373.jpg 560w, https:\/\/mairie-curienne.fr\/wp-content\/uploads\/2020\/07\/1_prix_photo_n12-1320x880.jpg 1320w\" sizes=\"(max-width: 1024px) 100vw, 1024px\" \/>\t\t\t\t\t\t\t\t\t\t\t\t\t\t<\/div>\n\t\t\t\t\t\t<\/div>\n\t\t\t\t<\/div>\n\t\t\t\t<div class=\"elementor-element elementor-element-fc398fb elementor-widget elementor-widget-heading\" data-id=\"fc398fb\" data-element_type=\"widget\" data-widget_type=\"heading.default\">\n\t\t\t\t<div class=\"elementor-widget-container\">\n\t\t\t<h2 class=\"elementor-heading-title elementor-size-default\">2i\u00e8me photo n\u00b025 - Valentin Guebey<\/h2>\t\t<\/div>\n\t\t\t\t<\/div>\n\t\t\t\t<div class=\"elementor-element elementor-element-59a35f5 elementor-widget elementor-widget-image\" data-id=\"59a35f5\" data-element_type=\"widget\" data-widget_type=\"image.default\">\n\t\t\t\t<div class=\"elementor-widget-container\">\n\t\t\t\t\t\t\t\t<div class=\"elementor-image\">\n\t\t\t\t\t\t\t\t\t\t\t\t<img decoding=\"async\" width=\"1024\" height=\"576\" src=\"https:\/\/mairie-curienne.fr\/wp-content\/uploads\/2020\/07\/2_prix_photo_n25-1024x576.jpg\" class=\"attachment-large size-large wp-image-8309\" alt=\"\" loading=\"lazy\" srcset=\"https:\/\/mairie-curienne.fr\/wp-content\/uploads\/2020\/07\/2_prix_photo_n25-1024x576.jpg 1024w, https:\/\/mairie-curienne.fr\/wp-content\/uploads\/2020\/07\/2_prix_photo_n25-300x169.jpg 300w, https:\/\/mairie-curienne.fr\/wp-content\/uploads\/2020\/07\/2_prix_photo_n25-768x432.jpg 768w, https:\/\/mairie-curienne.fr\/wp-content\/uploads\/2020\/07\/2_prix_photo_n25-1536x864.jpg 1536w, https:\/\/mairie-curienne.fr\/wp-content\/uploads\/2020\/07\/2_prix_photo_n25-2048x1152.jpg 2048w, https:\/\/mairie-curienne.fr\/wp-content\/uploads\/2020\/07\/2_prix_photo_n25-600x338.jpg 600w, https:\/\/mairie-curienne.fr\/wp-content\/uploads\/2020\/07\/2_prix_photo_n25-560x315.jpg 560w, https:\/\/mairie-curienne.fr\/wp-content\/uploads\/2020\/07\/2_prix_photo_n25-1320x743.jpg 1320w\" sizes=\"(max-width: 1024px) 100vw, 1024px\" \/>\t\t\t\t\t\t\t\t\t\t\t\t\t\t<\/div>\n\t\t\t\t\t\t<\/div>\n\t\t\t\t<\/div>\n\t\t\t\t<div class=\"elementor-element elementor-element-79e789e elementor-widget elementor-widget-heading\" data-id=\"79e789e\" data-element_type=\"widget\" data-widget_type=\"heading.default\">\n\t\t\t\t<div class=\"elementor-widget-container\">\n\t\t\t<h2 class=\"elementor-heading-title elementor-size-default\">3i\u00e8me photo n\u00b022<span style=\"font-size: 1.75rem; letter-spacing: 0px;\"> - Thierry Mollard<\/span><span style=\"font-size: 1.75rem; letter-spacing: 0px;\"><\/span><br><\/h2>\t\t<\/div>\n\t\t\t\t<\/div>\n\t\t\t\t<div class=\"elementor-element elementor-element-752ced2 elementor-widget elementor-widget-image\" data-id=\"752ced2\" data-element_type=\"widget\" data-widget_type=\"image.default\">\n\t\t\t\t<div class=\"elementor-widget-container\">\n\t\t\t\t\t\t\t\t<div class=\"elementor-image\">\n\t\t\t\t\t\t\t\t\t\t\t\t<img decoding=\"async\" width=\"1024\" height=\"683\" src=\"https:\/\/mairie-curienne.fr\/wp-content\/uploads\/2020\/07\/3_prix_photo_n22-1024x683.jpg\" class=\"attachment-large size-large wp-image-8310\" alt=\"\" loading=\"lazy\" srcset=\"https:\/\/mairie-curienne.fr\/wp-content\/uploads\/2020\/07\/3_prix_photo_n22-1024x683.jpg 1024w, https:\/\/mairie-curienne.fr\/wp-content\/uploads\/2020\/07\/3_prix_photo_n22-300x200.jpg 300w, https:\/\/mairie-curienne.fr\/wp-content\/uploads\/2020\/07\/3_prix_photo_n22-768x512.jpg 768w, https:\/\/mairie-curienne.fr\/wp-content\/uploads\/2020\/07\/3_prix_photo_n22-1536x1024.jpg 1536w, https:\/\/mairie-curienne.fr\/wp-content\/uploads\/2020\/07\/3_prix_photo_n22-2048x1366.jpg 2048w, https:\/\/mairie-curienne.fr\/wp-content\/uploads\/2020\/07\/3_prix_photo_n22-600x400.jpg 600w, https:\/\/mairie-curienne.fr\/wp-content\/uploads\/2020\/07\/3_prix_photo_n22-560x373.jpg 560w, https:\/\/mairie-curienne.fr\/wp-content\/uploads\/2020\/07\/3_prix_photo_n22-1320x880.jpg 1320w\" sizes=\"(max-width: 1024px) 100vw, 1024px\" \/>\t\t\t\t\t\t\t\t\t\t\t\t\t\t<\/div>\n\t\t\t\t\t\t<\/div>\n\t\t\t\t<\/div>\n\t\t\t\t<div class=\"elementor-element elementor-element-ddb735e elementor-widget elementor-widget-heading\" data-id=\"ddb735e\" data-element_type=\"widget\" data-widget_type=\"heading.default\">\n\t\t\t\t<div class=\"elementor-widget-container\">\n\t\t\t<h2 class=\"elementor-heading-title elementor-size-default\">4i\u00e8me photo n\u00b039 - Philippe Monget<\/h2>\t\t<\/div>\n\t\t\t\t<\/div>\n\t\t\t\t<div class=\"elementor-element elementor-element-78a9a07 elementor-widget elementor-widget-image\" data-id=\"78a9a07\" data-element_type=\"widget\" data-widget_type=\"image.default\">\n\t\t\t\t<div class=\"elementor-widget-container\">\n\t\t\t\t\t\t\t\t<div class=\"elementor-image\">\n\t\t\t\t\t\t\t\t\t\t\t\t<img decoding=\"async\" width=\"1024\" height=\"767\" src=\"https:\/\/mairie-curienne.fr\/wp-content\/uploads\/2020\/07\/4_prix_photo_n39-1024x767.jpg\" class=\"attachment-large size-large wp-image-8311\" alt=\"\" loading=\"lazy\" srcset=\"https:\/\/mairie-curienne.fr\/wp-content\/uploads\/2020\/07\/4_prix_photo_n39-1024x767.jpg 1024w, https:\/\/mairie-curienne.fr\/wp-content\/uploads\/2020\/07\/4_prix_photo_n39-300x225.jpg 300w, https:\/\/mairie-curienne.fr\/wp-content\/uploads\/2020\/07\/4_prix_photo_n39-768x576.jpg 768w, https:\/\/mairie-curienne.fr\/wp-content\/uploads\/2020\/07\/4_prix_photo_n39-1536x1151.jpg 1536w, https:\/\/mairie-curienne.fr\/wp-content\/uploads\/2020\/07\/4_prix_photo_n39-600x450.jpg 600w, https:\/\/mairie-curienne.fr\/wp-content\/uploads\/2020\/07\/4_prix_photo_n39-560x420.jpg 560w, https:\/\/mairie-curienne.fr\/wp-content\/uploads\/2020\/07\/4_prix_photo_n39-1320x989.jpg 1320w, https:\/\/mairie-curienne.fr\/wp-content\/uploads\/2020\/07\/4_prix_photo_n39.jpg 1920w\" sizes=\"(max-width: 1024px) 100vw, 1024px\" \/>\t\t\t\t\t\t\t\t\t\t\t\t\t\t<\/div>\n\t\t\t\t\t\t<\/div>\n\t\t\t\t<\/div>\n\t\t\t\t<div class=\"elementor-element elementor-element-4c6fbe9 elementor-widget elementor-widget-heading\" data-id=\"4c6fbe9\" data-element_type=\"widget\" data-widget_type=\"heading.default\">\n\t\t\t\t<div class=\"elementor-widget-container\">\n\t\t\t<h2 class=\"elementor-heading-title elementor-size-default\">5i\u00e8me photo n\u00b016 - Florian Bonnet<\/h2>\t\t<\/div>\n\t\t\t\t<\/div>\n\t\t\t\t<div class=\"elementor-element elementor-element-df5ddac elementor-widget elementor-widget-image\" data-id=\"df5ddac\" data-element_type=\"widget\" data-widget_type=\"image.default\">\n\t\t\t\t<div class=\"elementor-widget-container\">\n\t\t\t\t\t\t\t\t<div class=\"elementor-image\">\n\t\t\t\t\t\t\t\t\t\t\t\t<img decoding=\"async\" width=\"683\" height=\"1024\" src=\"https:\/\/mairie-curienne.fr\/wp-content\/uploads\/2020\/07\/5_prix_photo_n16-683x1024.jpg\" class=\"attachment-large size-large wp-image-8312\" alt=\"\" loading=\"lazy\" srcset=\"https:\/\/mairie-curienne.fr\/wp-content\/uploads\/2020\/07\/5_prix_photo_n16-683x1024.jpg 683w, https:\/\/mairie-curienne.fr\/wp-content\/uploads\/2020\/07\/5_prix_photo_n16-200x300.jpg 200w, https:\/\/mairie-curienne.fr\/wp-content\/uploads\/2020\/07\/5_prix_photo_n16-768x1152.jpg 768w, https:\/\/mairie-curienne.fr\/wp-content\/uploads\/2020\/07\/5_prix_photo_n16-1024x1536.jpg 1024w, https:\/\/mairie-curienne.fr\/wp-content\/uploads\/2020\/07\/5_prix_photo_n16-1365x2048.jpg 1365w, https:\/\/mairie-curienne.fr\/wp-content\/uploads\/2020\/07\/5_prix_photo_n16-400x600.jpg 400w, https:\/\/mairie-curienne.fr\/wp-content\/uploads\/2020\/07\/5_prix_photo_n16-373x560.jpg 373w, https:\/\/mairie-curienne.fr\/wp-content\/uploads\/2020\/07\/5_prix_photo_n16-1320x1980.jpg 1320w, https:\/\/mairie-curienne.fr\/wp-content\/uploads\/2020\/07\/5_prix_photo_n16-scaled.jpg 1707w\" sizes=\"(max-width: 683px) 100vw, 683px\" \/>\t\t\t\t\t\t\t\t\t\t\t\t\t\t<\/div>\n\t\t\t\t\t\t<\/div>\n\t\t\t\t<\/div>\n\t\t\t\t\t\t<\/div>\n\t\t\t\t\t<\/div>\n\t\t<\/div>\n\t\t\t\t\t\t\t\t<\/div>\n\t\t\t\t\t<\/div>\n\t\t<\/section>\n\t\t\t\t\t\t\t\t\t<\/div>\n\t\t\t<\/div>\n\t\t\t\t\t<\/div>\n\t\t","protected":false},"excerpt":{"rendered":"<p>Pour les personnes qui n&rsquo;\u00e9taient pas pr\u00e9sentes pendant les v\u0153ux de la nouvelle ann\u00e9e du 18 janvier, voici le support de pr\u00e9sentation : Pr\u00e9sentation v\u0153ux 2026 Encore merci et f\u00e9licitations \u00e0 tous les participants et toutes les participantes du concours photo de la f\u00eate de No\u00ebl ! Voici le diaporama complet contenant toutes les photos [&hellip;]<\/p>\n","protected":false},"author":2,"featured_media":8308,"comment_status":"closed","ping_status":"closed","sticky":false,"template":"","format":"standard","meta":[],"categories":[88,90,91],"tags":[],"_links":{"self":[{"href":"https:\/\/mairie-curienne.fr\/index.php\/wp-json\/wp\/v2\/posts\/8344"}],"collection":[{"href":"https:\/\/mairie-curienne.fr\/index.php\/wp-json\/wp\/v2\/posts"}],"about":[{"href":"https:\/\/mairie-curienne.fr\/index.php\/wp-json\/wp\/v2\/types\/post"}],"author":[{"embeddable":true,"href":"https:\/\/mairie-curienne.fr\/index.php\/wp-json\/wp\/v2\/users\/2"}],"replies":[{"embeddable":true,"href":"https:\/\/mairie-curienne.fr\/index.php\/wp-json\/wp\/v2\/comments?post=8344"}],"version-history":[{"count":10,"href":"https:\/\/mairie-curienne.fr\/index.php\/wp-json\/wp\/v2\/posts\/8344\/revisions"}],"predecessor-version":[{"id":8356,"href":"https:\/\/mairie-curienne.fr\/index.php\/wp-json\/wp\/v2\/posts\/8344\/revisions\/8356"}],"wp:featuredmedia":[{"embeddable":true,"href":"https:\/\/mairie-curienne.fr\/index.php\/wp-json\/wp\/v2\/media\/8308"}],"wp:attachment":[{"href":"https:\/\/mairie-curienne.fr\/index.php\/wp-json\/wp\/v2\/media?parent=8344"}],"wp:term":[{"taxonomy":"category","embeddable":true,"href":"https:\/\/mairie-curienne.fr\/index.php\/wp-json\/wp\/v2\/categories?post=8344"},{"taxonomy":"post_tag","embeddable":true,"href":"https:\/\/mairie-curienne.fr\/index.php\/wp-json\/wp\/v2\/tags?post=8344"}],"curies":[{"name":"wp","href":"https:\/\/api.w.org\/{rel}","templated":true}]}}