{"id":8313,"date":"2026-01-04T21:39:12","date_gmt":"2026-01-04T20:39:12","guid":{"rendered":"https:\/\/mairie-curienne.fr\/?p=8313"},"modified":"2026-01-04T21:50:47","modified_gmt":"2026-01-04T20:50:47","slug":"voeux-du-mairie-le-dimanche-18-janvier-et-remise-des-prix-du-concourt-photo-de-la-fete-de-noel","status":"publish","type":"post","link":"https:\/\/mairie-curienne.fr\/index.php\/2026\/01\/04\/voeux-du-mairie-le-dimanche-18-janvier-et-remise-des-prix-du-concourt-photo-de-la-fete-de-noel\/","title":{"rendered":"V\u0153ux du maire le dimanche 18 janvier et remise des prix du concourt photo de la f\u00eate de No\u00ebl"},"content":{"rendered":"\t\t<div data-elementor-type=\"wp-post\" data-elementor-id=\"8313\" class=\"elementor elementor-8313\">\n\t\t\t\t\t\t<div class=\"elementor-inner\">\n\t\t\t\t<div class=\"elementor-section-wrap\">\n\t\t\t\t\t\t\t\t\t<section class=\"elementor-section elementor-top-section elementor-element elementor-element-98fd349 elementor-section-boxed elementor-section-height-default elementor-section-height-default\" data-id=\"98fd349\" data-element_type=\"section\">\n\t\t\t\t\t\t<div class=\"elementor-container elementor-column-gap-default\">\n\t\t\t\t\t\t\t<div class=\"elementor-row\">\n\t\t\t\t\t<div class=\"elementor-column elementor-col-100 elementor-top-column elementor-element elementor-element-96da89a\" data-id=\"96da89a\" data-element_type=\"column\">\n\t\t\t<div class=\"elementor-column-wrap elementor-element-populated\">\n\t\t\t\t\t\t\t<div class=\"elementor-widget-wrap\">\n\t\t\t\t\t\t<div class=\"elementor-element elementor-element-3713c30 elementor-widget elementor-widget-text-editor\" data-id=\"3713c30\" data-element_type=\"widget\" data-widget_type=\"text-editor.default\">\n\t\t\t\t<div class=\"elementor-widget-container\">\n\t\t\t\t\t\t\t\t<div class=\"elementor-text-editor elementor-clearfix\">\n\t\t\t\t<p>Nous avons le plaisir de vous confier au traditionnel \u00ab\u00a0pot de la nouvelle ann\u00e9e\u00a0\u00bb le <strong>dimanche 18 janvier<\/strong> \u00e0 <strong>11h<\/strong> \u00e0 la salle des f\u00eates de Curienne.<\/p><p>Cela sera aussi l&rsquo;occasion de remettre les prix du concourt photo de No\u00ebl du <strong>13 d\u00e9cembre<\/strong> dernier, lors de la pr\u00e9sentation de ses v\u0153ux. Merci \u00e0 tous pour votre participation. (Vous trouverez ci-dessous les photos des laur\u00e9ats)<\/p><p>Dans l&rsquo;attente de vous accueillir, je vous prie d&rsquo;agr\u00e9er, Madame, Monsieur, l&rsquo;expression de mes sentiments les meilleurs.<\/p><p style=\"text-align: right;\"><strong>St\u00e9phane Bochet, Maire de Curienne<\/strong><\/p>\t\t\t\t\t<\/div>\n\t\t\t\t\t\t<\/div>\n\t\t\t\t<\/div>\n\t\t\t\t<div class=\"elementor-element elementor-element-51a12fe elementor-widget elementor-widget-heading\" data-id=\"51a12fe\" data-element_type=\"widget\" data-widget_type=\"heading.default\">\n\t\t\t\t<div class=\"elementor-widget-container\">\n\t\t\t<h2 class=\"elementor-heading-title elementor-size-default\">1er photo n\u00b012<\/h2>\t\t<\/div>\n\t\t\t\t<\/div>\n\t\t\t\t<div class=\"elementor-element elementor-element-368b623 elementor-widget elementor-widget-image\" data-id=\"368b623\" data-element_type=\"widget\" data-widget_type=\"image.default\">\n\t\t\t\t<div class=\"elementor-widget-container\">\n\t\t\t\t\t\t\t\t<div class=\"elementor-image\">\n\t\t\t\t\t\t\t\t\t\t\t\t<img decoding=\"async\" width=\"1024\" height=\"683\" src=\"https:\/\/mairie-curienne.fr\/wp-content\/uploads\/2020\/07\/1_prix_photo_n12-1024x683.jpg\" class=\"attachment-large size-large wp-image-8308\" alt=\"\" loading=\"lazy\" srcset=\"https:\/\/mairie-curienne.fr\/wp-content\/uploads\/2020\/07\/1_prix_photo_n12-1024x683.jpg 1024w, https:\/\/mairie-curienne.fr\/wp-content\/uploads\/2020\/07\/1_prix_photo_n12-300x200.jpg 300w, https:\/\/mairie-curienne.fr\/wp-content\/uploads\/2020\/07\/1_prix_photo_n12-768x512.jpg 768w, https:\/\/mairie-curienne.fr\/wp-content\/uploads\/2020\/07\/1_prix_photo_n12-1536x1024.jpg 1536w, https:\/\/mairie-curienne.fr\/wp-content\/uploads\/2020\/07\/1_prix_photo_n12-2048x1365.jpg 2048w, https:\/\/mairie-curienne.fr\/wp-content\/uploads\/2020\/07\/1_prix_photo_n12-600x400.jpg 600w, https:\/\/mairie-curienne.fr\/wp-content\/uploads\/2020\/07\/1_prix_photo_n12-560x373.jpg 560w, https:\/\/mairie-curienne.fr\/wp-content\/uploads\/2020\/07\/1_prix_photo_n12-1320x880.jpg 1320w\" sizes=\"(max-width: 1024px) 100vw, 1024px\" \/>\t\t\t\t\t\t\t\t\t\t\t\t\t\t<\/div>\n\t\t\t\t\t\t<\/div>\n\t\t\t\t<\/div>\n\t\t\t\t<div class=\"elementor-element elementor-element-dbd1e7b elementor-widget elementor-widget-heading\" data-id=\"dbd1e7b\" data-element_type=\"widget\" data-widget_type=\"heading.default\">\n\t\t\t\t<div class=\"elementor-widget-container\">\n\t\t\t<h2 class=\"elementor-heading-title elementor-size-default\">2i\u00e8me photo n\u00b025<\/h2>\t\t<\/div>\n\t\t\t\t<\/div>\n\t\t\t\t<div class=\"elementor-element elementor-element-9ff8714 elementor-widget elementor-widget-image\" data-id=\"9ff8714\" data-element_type=\"widget\" data-widget_type=\"image.default\">\n\t\t\t\t<div class=\"elementor-widget-container\">\n\t\t\t\t\t\t\t\t<div class=\"elementor-image\">\n\t\t\t\t\t\t\t\t\t\t\t\t<img decoding=\"async\" width=\"1024\" height=\"576\" src=\"https:\/\/mairie-curienne.fr\/wp-content\/uploads\/2020\/07\/2_prix_photo_n25-1024x576.jpg\" class=\"attachment-large size-large wp-image-8309\" alt=\"\" loading=\"lazy\" srcset=\"https:\/\/mairie-curienne.fr\/wp-content\/uploads\/2020\/07\/2_prix_photo_n25-1024x576.jpg 1024w, https:\/\/mairie-curienne.fr\/wp-content\/uploads\/2020\/07\/2_prix_photo_n25-300x169.jpg 300w, https:\/\/mairie-curienne.fr\/wp-content\/uploads\/2020\/07\/2_prix_photo_n25-768x432.jpg 768w, https:\/\/mairie-curienne.fr\/wp-content\/uploads\/2020\/07\/2_prix_photo_n25-1536x864.jpg 1536w, https:\/\/mairie-curienne.fr\/wp-content\/uploads\/2020\/07\/2_prix_photo_n25-2048x1152.jpg 2048w, https:\/\/mairie-curienne.fr\/wp-content\/uploads\/2020\/07\/2_prix_photo_n25-600x338.jpg 600w, https:\/\/mairie-curienne.fr\/wp-content\/uploads\/2020\/07\/2_prix_photo_n25-560x315.jpg 560w, https:\/\/mairie-curienne.fr\/wp-content\/uploads\/2020\/07\/2_prix_photo_n25-1320x743.jpg 1320w\" sizes=\"(max-width: 1024px) 100vw, 1024px\" \/>\t\t\t\t\t\t\t\t\t\t\t\t\t\t<\/div>\n\t\t\t\t\t\t<\/div>\n\t\t\t\t<\/div>\n\t\t\t\t<div class=\"elementor-element elementor-element-afa70e6 elementor-widget elementor-widget-heading\" data-id=\"afa70e6\" data-element_type=\"widget\" data-widget_type=\"heading.default\">\n\t\t\t\t<div class=\"elementor-widget-container\">\n\t\t\t<h2 class=\"elementor-heading-title elementor-size-default\">3i\u00e8me photo n\u00b022<\/h2>\t\t<\/div>\n\t\t\t\t<\/div>\n\t\t\t\t<div class=\"elementor-element elementor-element-5671299 elementor-widget elementor-widget-image\" data-id=\"5671299\" data-element_type=\"widget\" data-widget_type=\"image.default\">\n\t\t\t\t<div class=\"elementor-widget-container\">\n\t\t\t\t\t\t\t\t<div class=\"elementor-image\">\n\t\t\t\t\t\t\t\t\t\t\t\t<img decoding=\"async\" width=\"1024\" height=\"683\" src=\"https:\/\/mairie-curienne.fr\/wp-content\/uploads\/2020\/07\/3_prix_photo_n22-1024x683.jpg\" class=\"attachment-large size-large wp-image-8310\" alt=\"\" loading=\"lazy\" srcset=\"https:\/\/mairie-curienne.fr\/wp-content\/uploads\/2020\/07\/3_prix_photo_n22-1024x683.jpg 1024w, https:\/\/mairie-curienne.fr\/wp-content\/uploads\/2020\/07\/3_prix_photo_n22-300x200.jpg 300w, https:\/\/mairie-curienne.fr\/wp-content\/uploads\/2020\/07\/3_prix_photo_n22-768x512.jpg 768w, https:\/\/mairie-curienne.fr\/wp-content\/uploads\/2020\/07\/3_prix_photo_n22-1536x1024.jpg 1536w, https:\/\/mairie-curienne.fr\/wp-content\/uploads\/2020\/07\/3_prix_photo_n22-2048x1366.jpg 2048w, https:\/\/mairie-curienne.fr\/wp-content\/uploads\/2020\/07\/3_prix_photo_n22-600x400.jpg 600w, https:\/\/mairie-curienne.fr\/wp-content\/uploads\/2020\/07\/3_prix_photo_n22-560x373.jpg 560w, https:\/\/mairie-curienne.fr\/wp-content\/uploads\/2020\/07\/3_prix_photo_n22-1320x880.jpg 1320w\" sizes=\"(max-width: 1024px) 100vw, 1024px\" \/>\t\t\t\t\t\t\t\t\t\t\t\t\t\t<\/div>\n\t\t\t\t\t\t<\/div>\n\t\t\t\t<\/div>\n\t\t\t\t<div class=\"elementor-element elementor-element-47b6c20 elementor-widget elementor-widget-heading\" data-id=\"47b6c20\" data-element_type=\"widget\" data-widget_type=\"heading.default\">\n\t\t\t\t<div class=\"elementor-widget-container\">\n\t\t\t<h2 class=\"elementor-heading-title elementor-size-default\">4i\u00e8me photo n\u00b039<\/h2>\t\t<\/div>\n\t\t\t\t<\/div>\n\t\t\t\t<div class=\"elementor-element elementor-element-3a5fb77 elementor-widget elementor-widget-image\" data-id=\"3a5fb77\" data-element_type=\"widget\" data-widget_type=\"image.default\">\n\t\t\t\t<div class=\"elementor-widget-container\">\n\t\t\t\t\t\t\t\t<div class=\"elementor-image\">\n\t\t\t\t\t\t\t\t\t\t\t\t<img decoding=\"async\" width=\"1024\" height=\"767\" src=\"https:\/\/mairie-curienne.fr\/wp-content\/uploads\/2020\/07\/4_prix_photo_n39-1024x767.jpg\" class=\"attachment-large size-large wp-image-8311\" alt=\"\" loading=\"lazy\" srcset=\"https:\/\/mairie-curienne.fr\/wp-content\/uploads\/2020\/07\/4_prix_photo_n39-1024x767.jpg 1024w, https:\/\/mairie-curienne.fr\/wp-content\/uploads\/2020\/07\/4_prix_photo_n39-300x225.jpg 300w, https:\/\/mairie-curienne.fr\/wp-content\/uploads\/2020\/07\/4_prix_photo_n39-768x576.jpg 768w, https:\/\/mairie-curienne.fr\/wp-content\/uploads\/2020\/07\/4_prix_photo_n39-1536x1151.jpg 1536w, https:\/\/mairie-curienne.fr\/wp-content\/uploads\/2020\/07\/4_prix_photo_n39-600x450.jpg 600w, https:\/\/mairie-curienne.fr\/wp-content\/uploads\/2020\/07\/4_prix_photo_n39-560x420.jpg 560w, https:\/\/mairie-curienne.fr\/wp-content\/uploads\/2020\/07\/4_prix_photo_n39-1320x989.jpg 1320w, https:\/\/mairie-curienne.fr\/wp-content\/uploads\/2020\/07\/4_prix_photo_n39.jpg 1920w\" sizes=\"(max-width: 1024px) 100vw, 1024px\" \/>\t\t\t\t\t\t\t\t\t\t\t\t\t\t<\/div>\n\t\t\t\t\t\t<\/div>\n\t\t\t\t<\/div>\n\t\t\t\t<div class=\"elementor-element elementor-element-6d67bef elementor-widget elementor-widget-heading\" data-id=\"6d67bef\" data-element_type=\"widget\" data-widget_type=\"heading.default\">\n\t\t\t\t<div class=\"elementor-widget-container\">\n\t\t\t<h2 class=\"elementor-heading-title elementor-size-default\">5i\u00e8me photo n\u00b016<\/h2>\t\t<\/div>\n\t\t\t\t<\/div>\n\t\t\t\t<div class=\"elementor-element elementor-element-4828f57 elementor-widget elementor-widget-image\" data-id=\"4828f57\" data-element_type=\"widget\" data-widget_type=\"image.default\">\n\t\t\t\t<div class=\"elementor-widget-container\">\n\t\t\t\t\t\t\t\t<div class=\"elementor-image\">\n\t\t\t\t\t\t\t\t\t\t\t\t<img decoding=\"async\" width=\"683\" height=\"1024\" src=\"https:\/\/mairie-curienne.fr\/wp-content\/uploads\/2020\/07\/5_prix_photo_n16-683x1024.jpg\" class=\"attachment-large size-large wp-image-8312\" alt=\"\" loading=\"lazy\" srcset=\"https:\/\/mairie-curienne.fr\/wp-content\/uploads\/2020\/07\/5_prix_photo_n16-683x1024.jpg 683w, https:\/\/mairie-curienne.fr\/wp-content\/uploads\/2020\/07\/5_prix_photo_n16-200x300.jpg 200w, https:\/\/mairie-curienne.fr\/wp-content\/uploads\/2020\/07\/5_prix_photo_n16-768x1152.jpg 768w, https:\/\/mairie-curienne.fr\/wp-content\/uploads\/2020\/07\/5_prix_photo_n16-1024x1536.jpg 1024w, https:\/\/mairie-curienne.fr\/wp-content\/uploads\/2020\/07\/5_prix_photo_n16-1365x2048.jpg 1365w, https:\/\/mairie-curienne.fr\/wp-content\/uploads\/2020\/07\/5_prix_photo_n16-400x600.jpg 400w, https:\/\/mairie-curienne.fr\/wp-content\/uploads\/2020\/07\/5_prix_photo_n16-373x560.jpg 373w, https:\/\/mairie-curienne.fr\/wp-content\/uploads\/2020\/07\/5_prix_photo_n16-1320x1980.jpg 1320w, https:\/\/mairie-curienne.fr\/wp-content\/uploads\/2020\/07\/5_prix_photo_n16-scaled.jpg 1707w\" sizes=\"(max-width: 683px) 100vw, 683px\" \/>\t\t\t\t\t\t\t\t\t\t\t\t\t\t<\/div>\n\t\t\t\t\t\t<\/div>\n\t\t\t\t<\/div>\n\t\t\t\t\t\t<\/div>\n\t\t\t\t\t<\/div>\n\t\t<\/div>\n\t\t\t\t\t\t\t\t<\/div>\n\t\t\t\t\t<\/div>\n\t\t<\/section>\n\t\t\t\t\t\t\t\t\t<\/div>\n\t\t\t<\/div>\n\t\t\t\t\t<\/div>\n\t\t","protected":false},"excerpt":{"rendered":"<p>Nous avons le plaisir de vous confier au traditionnel \u00ab\u00a0pot de la nouvelle ann\u00e9e\u00a0\u00bb le dimanche 18 janvier \u00e0 11h \u00e0 la salle des f\u00eates de Curienne. Cela sera aussi l&rsquo;occasion de remettre les prix du concourt photo de No\u00ebl du 13 d\u00e9cembre dernier, lors de la pr\u00e9sentation de ses v\u0153ux. Merci \u00e0 tous pour [&hellip;]<\/p>\n","protected":false},"author":2,"featured_media":8314,"comment_status":"closed","ping_status":"closed","sticky":false,"template":"","format":"standard","meta":[],"categories":[88,91],"tags":[],"_links":{"self":[{"href":"https:\/\/mairie-curienne.fr\/index.php\/wp-json\/wp\/v2\/posts\/8313"}],"collection":[{"href":"https:\/\/mairie-curienne.fr\/index.php\/wp-json\/wp\/v2\/posts"}],"about":[{"href":"https:\/\/mairie-curienne.fr\/index.php\/wp-json\/wp\/v2\/types\/post"}],"author":[{"embeddable":true,"href":"https:\/\/mairie-curienne.fr\/index.php\/wp-json\/wp\/v2\/users\/2"}],"replies":[{"embeddable":true,"href":"https:\/\/mairie-curienne.fr\/index.php\/wp-json\/wp\/v2\/comments?post=8313"}],"version-history":[{"count":11,"href":"https:\/\/mairie-curienne.fr\/index.php\/wp-json\/wp\/v2\/posts\/8313\/revisions"}],"predecessor-version":[{"id":8326,"href":"https:\/\/mairie-curienne.fr\/index.php\/wp-json\/wp\/v2\/posts\/8313\/revisions\/8326"}],"wp:featuredmedia":[{"embeddable":true,"href":"https:\/\/mairie-curienne.fr\/index.php\/wp-json\/wp\/v2\/media\/8314"}],"wp:attachment":[{"href":"https:\/\/mairie-curienne.fr\/index.php\/wp-json\/wp\/v2\/media?parent=8313"}],"wp:term":[{"taxonomy":"category","embeddable":true,"href":"https:\/\/mairie-curienne.fr\/index.php\/wp-json\/wp\/v2\/categories?post=8313"},{"taxonomy":"post_tag","embeddable":true,"href":"https:\/\/mairie-curienne.fr\/index.php\/wp-json\/wp\/v2\/tags?post=8313"}],"curies":[{"name":"wp","href":"https:\/\/api.w.org\/{rel}","templated":true}]}}