{"id":8211,"date":"2025-12-06T15:51:05","date_gmt":"2025-12-06T14:51:05","guid":{"rendered":"https:\/\/mairie-curienne.fr\/?p=8211"},"modified":"2025-12-06T17:25:31","modified_gmt":"2025-12-06T16:25:31","slug":"concert-a-leglise-de-curienne-noe-novel-noels-de-bessans-et-des-alpes","status":"publish","type":"post","link":"https:\/\/mairie-curienne.fr\/index.php\/2025\/12\/06\/concert-a-leglise-de-curienne-noe-novel-noels-de-bessans-et-des-alpes\/","title":{"rendered":"Concert \u00e0 l&rsquo;\u00e9glise de Curienne : No\u00e9 Novel : No\u00ebls de Bessans et des Alpes"},"content":{"rendered":"\t\t<div data-elementor-type=\"wp-post\" data-elementor-id=\"8211\" class=\"elementor elementor-8211\">\n\t\t\t\t\t\t<div class=\"elementor-inner\">\n\t\t\t\t<div class=\"elementor-section-wrap\">\n\t\t\t\t\t\t\t\t\t<section class=\"elementor-section elementor-top-section elementor-element elementor-element-61fde74 elementor-section-boxed elementor-section-height-default elementor-section-height-default\" data-id=\"61fde74\" data-element_type=\"section\">\n\t\t\t\t\t\t<div class=\"elementor-container elementor-column-gap-default\">\n\t\t\t\t\t\t\t<div class=\"elementor-row\">\n\t\t\t\t\t<div class=\"elementor-column elementor-col-100 elementor-top-column elementor-element elementor-element-faa287c\" data-id=\"faa287c\" data-element_type=\"column\">\n\t\t\t<div class=\"elementor-column-wrap elementor-element-populated\">\n\t\t\t\t\t\t\t<div class=\"elementor-widget-wrap\">\n\t\t\t\t\t\t<div class=\"elementor-element elementor-element-c47b728 elementor-widget elementor-widget-text-editor\" data-id=\"c47b728\" data-element_type=\"widget\" data-widget_type=\"text-editor.default\">\n\t\t\t\t<div class=\"elementor-widget-container\">\n\t\t\t\t\t\t\t\t<div class=\"elementor-text-editor elementor-clearfix\">\n\t\t\t\t<p>Concert \u00e0 l&rsquo;\u00e9glise de Curienne le <strong>dimanche 14 d\u00e9cembre \u00e0 17h<\/strong>.<\/p>\n<p>No\u00eb Novel : No\u00ebls de Bessans et des Alpes<br>Direction Vincent Boniface<\/p>\n<p>60 choristes et instrumentistes \/ 1\u00e8re partie : Trouveur Valdot\u00e8n<\/p>\n<p>Participation libre<\/p>\t\t\t\t\t<\/div>\n\t\t\t\t\t\t<\/div>\n\t\t\t\t<\/div>\n\t\t\t\t\t\t<\/div>\n\t\t\t\t\t<\/div>\n\t\t<\/div>\n\t\t\t\t\t\t\t\t<\/div>\n\t\t\t\t\t<\/div>\n\t\t<\/section>\n\t\t\t\t\t\t\t\t\t<\/div>\n\t\t\t<\/div>\n\t\t\t\t\t<\/div>\n\t\t","protected":false},"excerpt":{"rendered":"<p>Concert \u00e0 l&rsquo;\u00e9glise de Curienne le dimanche 14 d\u00e9cembre \u00e0 17h. No\u00eb Novel : No\u00ebls de Bessans et des AlpesDirection Vincent Boniface 60 choristes et instrumentistes \/ 1\u00e8re partie : Trouveur Valdot\u00e8n Participation libre<\/p>\n","protected":false},"author":2,"featured_media":8212,"comment_status":"closed","ping_status":"closed","sticky":false,"template":"","format":"standard","meta":[],"categories":[88,90,91],"tags":[],"_links":{"self":[{"href":"https:\/\/mairie-curienne.fr\/index.php\/wp-json\/wp\/v2\/posts\/8211"}],"collection":[{"href":"https:\/\/mairie-curienne.fr\/index.php\/wp-json\/wp\/v2\/posts"}],"about":[{"href":"https:\/\/mairie-curienne.fr\/index.php\/wp-json\/wp\/v2\/types\/post"}],"author":[{"embeddable":true,"href":"https:\/\/mairie-curienne.fr\/index.php\/wp-json\/wp\/v2\/users\/2"}],"replies":[{"embeddable":true,"href":"https:\/\/mairie-curienne.fr\/index.php\/wp-json\/wp\/v2\/comments?post=8211"}],"version-history":[{"count":7,"href":"https:\/\/mairie-curienne.fr\/index.php\/wp-json\/wp\/v2\/posts\/8211\/revisions"}],"predecessor-version":[{"id":8219,"href":"https:\/\/mairie-curienne.fr\/index.php\/wp-json\/wp\/v2\/posts\/8211\/revisions\/8219"}],"wp:featuredmedia":[{"embeddable":true,"href":"https:\/\/mairie-curienne.fr\/index.php\/wp-json\/wp\/v2\/media\/8212"}],"wp:attachment":[{"href":"https:\/\/mairie-curienne.fr\/index.php\/wp-json\/wp\/v2\/media?parent=8211"}],"wp:term":[{"taxonomy":"category","embeddable":true,"href":"https:\/\/mairie-curienne.fr\/index.php\/wp-json\/wp\/v2\/categories?post=8211"},{"taxonomy":"post_tag","embeddable":true,"href":"https:\/\/mairie-curienne.fr\/index.php\/wp-json\/wp\/v2\/tags?post=8211"}],"curies":[{"name":"wp","href":"https:\/\/api.w.org\/{rel}","templated":true}]}}