{"id":8205,"date":"2025-12-06T15:46:42","date_gmt":"2025-12-06T14:46:42","guid":{"rendered":"https:\/\/mairie-curienne.fr\/?p=8205"},"modified":"2025-12-06T17:28:04","modified_gmt":"2025-12-06T16:28:04","slug":"grande-fete-de-noel-a-curienne","status":"publish","type":"post","link":"https:\/\/mairie-curienne.fr\/index.php\/2025\/12\/06\/grande-fete-de-noel-a-curienne\/","title":{"rendered":"Grande f\u00eate de No\u00ebl \u00e0 Curienne"},"content":{"rendered":"\t\t<div data-elementor-type=\"wp-post\" data-elementor-id=\"8205\" class=\"elementor elementor-8205\">\n\t\t\t\t\t\t<div class=\"elementor-inner\">\n\t\t\t\t<div class=\"elementor-section-wrap\">\n\t\t\t\t\t\t\t\t\t<section class=\"elementor-section elementor-top-section elementor-element elementor-element-b0cbb3a elementor-section-boxed elementor-section-height-default elementor-section-height-default\" data-id=\"b0cbb3a\" data-element_type=\"section\">\n\t\t\t\t\t\t<div class=\"elementor-container elementor-column-gap-default\">\n\t\t\t\t\t\t\t<div class=\"elementor-row\">\n\t\t\t\t\t<div class=\"elementor-column elementor-col-100 elementor-top-column elementor-element elementor-element-a709f35\" data-id=\"a709f35\" data-element_type=\"column\">\n\t\t\t<div class=\"elementor-column-wrap elementor-element-populated\">\n\t\t\t\t\t\t\t<div class=\"elementor-widget-wrap\">\n\t\t\t\t\t\t<div class=\"elementor-element elementor-element-1c02f9a elementor-widget elementor-widget-text-editor\" data-id=\"1c02f9a\" data-element_type=\"widget\" data-widget_type=\"text-editor.default\">\n\t\t\t\t<div class=\"elementor-widget-container\">\n\t\t\t\t\t\t\t\t<div class=\"elementor-text-editor elementor-clearfix\">\n\t\t\t\t<p><strong>Venez \u00e0 Curienne pour la f\u00eate de No\u00ebl le samedi 13 d\u00e9cembre !<\/strong><\/p><p>Dans le centre bourg un march\u00e9 d&rsquo;artisans et de producteur locaux.<br \/>Dans l&rsquo;\u00e9glise des contes et chorales.<\/p><p><strong>Agenda de la f\u00eate de No\u00ebl<\/strong><\/p><p>Dans le village et la salle des f\u00eates :<\/p><p>&#8211; <strong>10h-18h<\/strong> : March\u00e9 des artisans et producteurs<br \/>&#8211; <strong>12h30<\/strong> : Les percut\u00e9s groupe de batucada<\/p><p>Dans l&rsquo;\u00e9glise :<\/p><p>&#8211; <strong>10h30-11h<\/strong> : Contes pour les plus petits<br \/>&#8211; <strong>11h-11h45<\/strong> : Chorale \u00ab\u00a0Vibrons mes fr\u00e8res et mes s\u0153urs\u00a0\u00bb<br \/>&#8211; <strong>14h30-15h30<\/strong> : Contes enfants<br \/>&#8211; <s><strong>16h30-16h45<\/strong> : Chorale Musique<\/s> <strong>Annul\u00e9<\/strong><\/p><p>Tout au long de la journ\u00e9e diffusion du diaporama concours photo \u00ab\u00a0Vivre sur le plateau de la Leysse\u00a0\u00bb dans l&rsquo;\u00e9glise.<\/p>\t\t\t\t\t<\/div>\n\t\t\t\t\t\t<\/div>\n\t\t\t\t<\/div>\n\t\t\t\t\t\t<\/div>\n\t\t\t\t\t<\/div>\n\t\t<\/div>\n\t\t\t\t\t\t\t\t<\/div>\n\t\t\t\t\t<\/div>\n\t\t<\/section>\n\t\t\t\t\t\t\t\t\t<\/div>\n\t\t\t<\/div>\n\t\t\t\t\t<\/div>\n\t\t","protected":false},"excerpt":{"rendered":"<p>Venez \u00e0 Curienne pour la f\u00eate de No\u00ebl le samedi 13 d\u00e9cembre ! Dans le centre bourg un march\u00e9 d&rsquo;artisans et de producteur locaux.Dans l&rsquo;\u00e9glise des contes et chorales. Agenda de la f\u00eate de No\u00ebl Dans le village et la salle des f\u00eates : &#8211; 10h-18h : March\u00e9 des artisans et producteurs&#8211; 12h30 : Les [&hellip;]<\/p>\n","protected":false},"author":2,"featured_media":8206,"comment_status":"closed","ping_status":"closed","sticky":false,"template":"","format":"standard","meta":[],"categories":[88,90,91],"tags":[],"_links":{"self":[{"href":"https:\/\/mairie-curienne.fr\/index.php\/wp-json\/wp\/v2\/posts\/8205"}],"collection":[{"href":"https:\/\/mairie-curienne.fr\/index.php\/wp-json\/wp\/v2\/posts"}],"about":[{"href":"https:\/\/mairie-curienne.fr\/index.php\/wp-json\/wp\/v2\/types\/post"}],"author":[{"embeddable":true,"href":"https:\/\/mairie-curienne.fr\/index.php\/wp-json\/wp\/v2\/users\/2"}],"replies":[{"embeddable":true,"href":"https:\/\/mairie-curienne.fr\/index.php\/wp-json\/wp\/v2\/comments?post=8205"}],"version-history":[{"count":10,"href":"https:\/\/mairie-curienne.fr\/index.php\/wp-json\/wp\/v2\/posts\/8205\/revisions"}],"predecessor-version":[{"id":8225,"href":"https:\/\/mairie-curienne.fr\/index.php\/wp-json\/wp\/v2\/posts\/8205\/revisions\/8225"}],"wp:featuredmedia":[{"embeddable":true,"href":"https:\/\/mairie-curienne.fr\/index.php\/wp-json\/wp\/v2\/media\/8206"}],"wp:attachment":[{"href":"https:\/\/mairie-curienne.fr\/index.php\/wp-json\/wp\/v2\/media?parent=8205"}],"wp:term":[{"taxonomy":"category","embeddable":true,"href":"https:\/\/mairie-curienne.fr\/index.php\/wp-json\/wp\/v2\/categories?post=8205"},{"taxonomy":"post_tag","embeddable":true,"href":"https:\/\/mairie-curienne.fr\/index.php\/wp-json\/wp\/v2\/tags?post=8205"}],"curies":[{"name":"wp","href":"https:\/\/api.w.org\/{rel}","templated":true}]}}