{"id":8091,"date":"2025-10-25T10:30:55","date_gmt":"2025-10-25T08:30:55","guid":{"rendered":"https:\/\/mairie-curienne.fr\/?p=8091"},"modified":"2025-10-25T10:33:33","modified_gmt":"2025-10-25T08:33:33","slug":"concert-des-creatles-a-curienne-le-15-11","status":"publish","type":"post","link":"https:\/\/mairie-curienne.fr\/index.php\/2025\/10\/25\/concert-des-creatles-a-curienne-le-15-11\/","title":{"rendered":"Concert des Creatles \u00e0 Curienne le 15\/11 !"},"content":{"rendered":"\t\t<div data-elementor-type=\"wp-post\" data-elementor-id=\"8091\" class=\"elementor elementor-8091\">\n\t\t\t\t\t\t<div class=\"elementor-inner\">\n\t\t\t\t<div class=\"elementor-section-wrap\">\n\t\t\t\t\t\t\t\t\t<section class=\"elementor-section elementor-top-section elementor-element elementor-element-28d663b elementor-section-boxed elementor-section-height-default elementor-section-height-default\" data-id=\"28d663b\" data-element_type=\"section\">\n\t\t\t\t\t\t<div class=\"elementor-container elementor-column-gap-default\">\n\t\t\t\t\t\t\t<div class=\"elementor-row\">\n\t\t\t\t\t<div class=\"elementor-column elementor-col-100 elementor-top-column elementor-element elementor-element-48b9955\" data-id=\"48b9955\" data-element_type=\"column\">\n\t\t\t<div class=\"elementor-column-wrap elementor-element-populated\">\n\t\t\t\t\t\t\t<div class=\"elementor-widget-wrap\">\n\t\t\t\t\t\t<div class=\"elementor-element elementor-element-3218e5e elementor-widget elementor-widget-text-editor\" data-id=\"3218e5e\" data-element_type=\"widget\" data-widget_type=\"text-editor.default\">\n\t\t\t\t<div class=\"elementor-widget-container\">\n\t\t\t\t\t\t\t\t<div class=\"elementor-text-editor elementor-clearfix\">\n\t\t\t\t<p>Concert des Creatles \u00e0 Curienne le <strong>samedi 15 novembre<\/strong> !<\/p><p>Entr\u00e9e \u00e0 partir de <strong>19h30 <\/strong>et concert \u00e0 <strong>20h30<\/strong>.<br \/>Entr\u00e9e <strong>gratuite<\/strong> pour les <strong>-18 ans<\/strong>.<br \/>Buvette et restauration sur place.<\/p><p>Restauration \u00e0 tarif r\u00e9duit en pr\u00e9-vente possible par Helloasso ( voir QR code sur affiche ci-jointe, c&rsquo;est pas compliqu\u00e9 !! ou par mail sur <strong>culturienne@gmail.com<\/strong>, c&rsquo;est pas compliqu\u00e9 non plus !!)<\/p><p>Revivez l&rsquo;\u00e9nergie des ann\u00e9es 60&rsquo;s avec Les Creatles. Ce groupe vous transportera dans l&rsquo;\u00e8re du rock&rsquo;n&rsquo;roll, de la pop, et des r\u00e9volutions culturelles qui ont marqu\u00e9 cette d\u00e9cennie dynamique.<\/p><p>Avec un r\u00e9pertoire qui couvre les grands succ\u00e8s et les tr\u00e9sors cach\u00e9s, Les Creatles redonnent vie aux m\u00e9lodies qui r\u00e9sistent au temps. En costumes vintage et avec des instruments d&rsquo;\u00e9poque, ils recr\u00e9ent l&rsquo;ambiance authentique des sixties lors de leurs concerts.<\/p><p>Du groove entra\u00eenant des Beach Boys aux riffs \u00e9lectrisants de Jimi Hendrix, en passant par l&rsquo;ing\u00e9niosit\u00e9 m\u00e9lodique des Beatles, ce quatuor partage son \u00e9nergie et son amour pour cette p\u00e9riode mythique.<\/p><p>N&rsquo;h\u00e9sitez pas \u00e0 diffuser cette information autour de vous, sans mod\u00e9ration.<\/p><p>Au plaisir de vous voir<\/p><p>A bient\u00f4t<\/p><p style=\"text-align: right;\">Pascale pour la Culturienne<\/p>\t\t\t\t\t<\/div>\n\t\t\t\t\t\t<\/div>\n\t\t\t\t<\/div>\n\t\t\t\t\t\t<\/div>\n\t\t\t\t\t<\/div>\n\t\t<\/div>\n\t\t\t\t\t\t\t\t<\/div>\n\t\t\t\t\t<\/div>\n\t\t<\/section>\n\t\t\t\t\t\t\t\t\t<\/div>\n\t\t\t<\/div>\n\t\t\t\t\t<\/div>\n\t\t","protected":false},"excerpt":{"rendered":"<p>Concert des Creatles \u00e0 Curienne le samedi 15 novembre ! Entr\u00e9e \u00e0 partir de 19h30 et concert \u00e0 20h30.Entr\u00e9e gratuite pour les -18 ans.Buvette et restauration sur place. Restauration \u00e0 tarif r\u00e9duit en pr\u00e9-vente possible par Helloasso ( voir QR code sur affiche ci-jointe, c&rsquo;est pas compliqu\u00e9 !! ou par mail sur culturienne@gmail.com, c&rsquo;est pas [&hellip;]<\/p>\n","protected":false},"author":2,"featured_media":8092,"comment_status":"closed","ping_status":"closed","sticky":false,"template":"","format":"standard","meta":[],"categories":[88,90],"tags":[],"_links":{"self":[{"href":"https:\/\/mairie-curienne.fr\/index.php\/wp-json\/wp\/v2\/posts\/8091"}],"collection":[{"href":"https:\/\/mairie-curienne.fr\/index.php\/wp-json\/wp\/v2\/posts"}],"about":[{"href":"https:\/\/mairie-curienne.fr\/index.php\/wp-json\/wp\/v2\/types\/post"}],"author":[{"embeddable":true,"href":"https:\/\/mairie-curienne.fr\/index.php\/wp-json\/wp\/v2\/users\/2"}],"replies":[{"embeddable":true,"href":"https:\/\/mairie-curienne.fr\/index.php\/wp-json\/wp\/v2\/comments?post=8091"}],"version-history":[{"count":5,"href":"https:\/\/mairie-curienne.fr\/index.php\/wp-json\/wp\/v2\/posts\/8091\/revisions"}],"predecessor-version":[{"id":8097,"href":"https:\/\/mairie-curienne.fr\/index.php\/wp-json\/wp\/v2\/posts\/8091\/revisions\/8097"}],"wp:featuredmedia":[{"embeddable":true,"href":"https:\/\/mairie-curienne.fr\/index.php\/wp-json\/wp\/v2\/media\/8092"}],"wp:attachment":[{"href":"https:\/\/mairie-curienne.fr\/index.php\/wp-json\/wp\/v2\/media?parent=8091"}],"wp:term":[{"taxonomy":"category","embeddable":true,"href":"https:\/\/mairie-curienne.fr\/index.php\/wp-json\/wp\/v2\/categories?post=8091"},{"taxonomy":"post_tag","embeddable":true,"href":"https:\/\/mairie-curienne.fr\/index.php\/wp-json\/wp\/v2\/tags?post=8091"}],"curies":[{"name":"wp","href":"https:\/\/api.w.org\/{rel}","templated":true}]}}