{"id":8082,"date":"2025-10-22T23:07:00","date_gmt":"2025-10-22T21:07:00","guid":{"rendered":"https:\/\/mairie-curienne.fr\/?p=8082"},"modified":"2025-10-22T23:07:21","modified_gmt":"2025-10-22T21:07:21","slug":"recherche-mode-de-garde-sur-curienne","status":"publish","type":"post","link":"https:\/\/mairie-curienne.fr\/index.php\/2025\/10\/22\/recherche-mode-de-garde-sur-curienne\/","title":{"rendered":"Recherche mode de garde sur Curienne"},"content":{"rendered":"\t\t<div data-elementor-type=\"wp-post\" data-elementor-id=\"8082\" class=\"elementor elementor-8082\">\n\t\t\t\t\t\t<div class=\"elementor-inner\">\n\t\t\t\t<div class=\"elementor-section-wrap\">\n\t\t\t\t\t\t\t\t\t<section class=\"elementor-section elementor-top-section elementor-element elementor-element-ec93bfc elementor-section-boxed elementor-section-height-default elementor-section-height-default\" data-id=\"ec93bfc\" data-element_type=\"section\">\n\t\t\t\t\t\t<div class=\"elementor-container elementor-column-gap-default\">\n\t\t\t\t\t\t\t<div class=\"elementor-row\">\n\t\t\t\t\t<div class=\"elementor-column elementor-col-100 elementor-top-column elementor-element elementor-element-efdc318\" data-id=\"efdc318\" data-element_type=\"column\">\n\t\t\t<div class=\"elementor-column-wrap elementor-element-populated\">\n\t\t\t\t\t\t\t<div class=\"elementor-widget-wrap\">\n\t\t\t\t\t\t<div class=\"elementor-element elementor-element-919f65d elementor-widget elementor-widget-text-editor\" data-id=\"919f65d\" data-element_type=\"widget\" data-widget_type=\"text-editor.default\">\n\t\t\t\t<div class=\"elementor-widget-container\">\n\t\t\t\t\t\t\t\t<div class=\"elementor-text-editor elementor-clearfix\">\n\t\t\t\t<p>Bonjour,<\/p><p>Notre famille r\u00e9side au 409 chemin du Vernay \u00e0 Curienne et nous recherchons un mode de garde pour notre a\u00een\u00e9, qui rentre \u00e0 l\u2019\u00e9cole en septembre 2026. Mon compagnon travaille \u00e0 Saint Jean de Maurienne, et moi \u00e0 de Belley.<\/p><p>Entre nos horaires atypiques et nos temps de route, nous allons rencontrer de grandes difficult\u00e9s pour faire garder notre a\u00een\u00e9 avant et apr\u00e8s les horaires du p\u00e9riscolaire (le matin de 5h45 \u00e0 7h et le soir de 18h30 \u00e0 20h30 entre deux et quatre fois par mois). Ce volume d\u2019heures, bien que modeste, est incompatible avec nos horaires de travail.<\/p><p>La solution id\u00e9ale serait de trouver une personne disponible sur la commune pour assurer cette garde.<\/p><p>Par avance, merci de prendre le temps de lire notre requ\u00eate.<\/p><p style=\"text-align: right;\"><strong>Caroline Meunier et Olivier Defranceschi<\/strong><\/p><p style=\"text-align: right;\"><em>Note de la mairie : Pour obtenir les num\u00e9ros de t\u00e9l\u00e9phone, merci de contacter la mairie<\/em><\/p>\t\t\t\t\t<\/div>\n\t\t\t\t\t\t<\/div>\n\t\t\t\t<\/div>\n\t\t\t\t\t\t<\/div>\n\t\t\t\t\t<\/div>\n\t\t<\/div>\n\t\t\t\t\t\t\t\t<\/div>\n\t\t\t\t\t<\/div>\n\t\t<\/section>\n\t\t\t\t\t\t\t\t\t<\/div>\n\t\t\t<\/div>\n\t\t\t\t\t<\/div>\n\t\t","protected":false},"excerpt":{"rendered":"<p>Bonjour, Notre famille r\u00e9side au 409 chemin du Vernay \u00e0 Curienne et nous recherchons un mode de garde pour notre a\u00een\u00e9, qui rentre \u00e0 l\u2019\u00e9cole en septembre 2026. Mon compagnon travaille \u00e0 Saint Jean de Maurienne, et moi \u00e0 de Belley. Entre nos horaires atypiques et nos temps de route, nous allons rencontrer de grandes [&hellip;]<\/p>\n","protected":false},"author":2,"featured_media":0,"comment_status":"closed","ping_status":"closed","sticky":false,"template":"","format":"standard","meta":[],"categories":[88],"tags":[],"_links":{"self":[{"href":"https:\/\/mairie-curienne.fr\/index.php\/wp-json\/wp\/v2\/posts\/8082"}],"collection":[{"href":"https:\/\/mairie-curienne.fr\/index.php\/wp-json\/wp\/v2\/posts"}],"about":[{"href":"https:\/\/mairie-curienne.fr\/index.php\/wp-json\/wp\/v2\/types\/post"}],"author":[{"embeddable":true,"href":"https:\/\/mairie-curienne.fr\/index.php\/wp-json\/wp\/v2\/users\/2"}],"replies":[{"embeddable":true,"href":"https:\/\/mairie-curienne.fr\/index.php\/wp-json\/wp\/v2\/comments?post=8082"}],"version-history":[{"count":8,"href":"https:\/\/mairie-curienne.fr\/index.php\/wp-json\/wp\/v2\/posts\/8082\/revisions"}],"predecessor-version":[{"id":8090,"href":"https:\/\/mairie-curienne.fr\/index.php\/wp-json\/wp\/v2\/posts\/8082\/revisions\/8090"}],"wp:attachment":[{"href":"https:\/\/mairie-curienne.fr\/index.php\/wp-json\/wp\/v2\/media?parent=8082"}],"wp:term":[{"taxonomy":"category","embeddable":true,"href":"https:\/\/mairie-curienne.fr\/index.php\/wp-json\/wp\/v2\/categories?post=8082"},{"taxonomy":"post_tag","embeddable":true,"href":"https:\/\/mairie-curienne.fr\/index.php\/wp-json\/wp\/v2\/tags?post=8082"}],"curies":[{"name":"wp","href":"https:\/\/api.w.org\/{rel}","templated":true}]}}