{"id":7818,"date":"2025-05-18T22:07:45","date_gmt":"2025-05-18T20:07:45","guid":{"rendered":"https:\/\/mairie-curienne.fr\/?p=7818"},"modified":"2025-05-18T22:37:29","modified_gmt":"2025-05-18T20:37:29","slug":"flexi-le-transport-a-la-demande","status":"publish","type":"post","link":"https:\/\/mairie-curienne.fr\/index.php\/2025\/05\/18\/flexi-le-transport-a-la-demande\/","title":{"rendered":"Flexi le transport \u00e0 la demande"},"content":{"rendered":"\t\t<div data-elementor-type=\"wp-post\" data-elementor-id=\"7818\" class=\"elementor elementor-7818\">\n\t\t\t\t\t\t<div class=\"elementor-inner\">\n\t\t\t\t<div class=\"elementor-section-wrap\">\n\t\t\t\t\t\t\t\t\t<section class=\"elementor-section elementor-top-section elementor-element elementor-element-f22da7c elementor-section-boxed elementor-section-height-default elementor-section-height-default\" data-id=\"f22da7c\" data-element_type=\"section\">\n\t\t\t\t\t\t<div class=\"elementor-container elementor-column-gap-default\">\n\t\t\t\t\t\t\t<div class=\"elementor-row\">\n\t\t\t\t\t<div class=\"elementor-column elementor-col-100 elementor-top-column elementor-element elementor-element-2283483\" data-id=\"2283483\" data-element_type=\"column\">\n\t\t\t<div class=\"elementor-column-wrap elementor-element-populated\">\n\t\t\t\t\t\t\t<div class=\"elementor-widget-wrap\">\n\t\t\t\t\t\t<div class=\"elementor-element elementor-element-fed877f elementor-widget elementor-widget-text-editor\" data-id=\"fed877f\" data-element_type=\"widget\" data-widget_type=\"text-editor.default\">\n\t\t\t\t<div class=\"elementor-widget-container\">\n\t\t\t\t\t\t\t\t<div class=\"elementor-text-editor elementor-clearfix\">\n\t\t\t\t<p>Depuis le <strong>lundi 5 mai 2025<\/strong>, le r\u00e9seau de bus Synchro Mobilit\u00e9 lance le Flexi, le service de Transport \u00e0 la demande.<\/p><p>Une r\u00e9union d&rsquo;information aura lieu \u00e0 la salle polyvalente de Curienne le <strong>jeudi 5 juin<\/strong> \u00e0 <strong>18h<\/strong> (<a href=\"https:\/\/mairie-curienne.fr\/wp-content\/uploads\/2020\/07\/SYNCHRO_Evolution_reseau_bus_2025.pdf\">T\u00e9l\u00e9chargez le support de pr\u00e9sentation<\/a>).<\/p><p>Retrouvez toutes les informations en t\u00e9l\u00e9chargeant le document suivant :<\/p><ul><li><a href=\"https:\/\/mairie-curienne.fr\/wp-content\/uploads\/2020\/07\/flexi_document_informatif.pdf\">Document informatif<\/a><\/li><li><a href=\"https:\/\/mairie-curienne.fr\/wp-content\/uploads\/2020\/07\/Affiche_Flexi.pdf\">Affiche Flexi le transport \u00e0 la demande<\/a><\/li><li><a href=\"https:\/\/mairie-curienne.fr\/wp-content\/uploads\/2020\/07\/Flyer_Flexi.pdf\">Flyer Flexi le transport \u00e0 la demande<\/a><\/li><\/ul><p>Et toujours plus d&rsquo;informations sur le site de l&rsquo;agglo : <a href=\"https:\/\/synchro.grandchambery.fr\/actualites\/flexi-nouveautad\/\">https:\/\/synchro.grandchambery.fr\/actualites\/flexi-nouveautad\/<\/a><\/p>\t\t\t\t\t<\/div>\n\t\t\t\t\t\t<\/div>\n\t\t\t\t<\/div>\n\t\t\t\t\t\t<\/div>\n\t\t\t\t\t<\/div>\n\t\t<\/div>\n\t\t\t\t\t\t\t\t<\/div>\n\t\t\t\t\t<\/div>\n\t\t<\/section>\n\t\t\t\t\t\t\t\t\t<\/div>\n\t\t\t<\/div>\n\t\t\t\t\t<\/div>\n\t\t","protected":false},"excerpt":{"rendered":"<p>Depuis le lundi 5 mai 2025, le r\u00e9seau de bus Synchro Mobilit\u00e9 lance le Flexi, le service de Transport \u00e0 la demande. Une r\u00e9union d&rsquo;information aura lieu \u00e0 la salle polyvalente de Curienne le jeudi 5 juin \u00e0 18h (T\u00e9l\u00e9chargez le support de pr\u00e9sentation). Retrouvez toutes les informations en t\u00e9l\u00e9chargeant le document suivant : Document [&hellip;]<\/p>\n","protected":false},"author":2,"featured_media":7819,"comment_status":"closed","ping_status":"closed","sticky":false,"template":"","format":"standard","meta":[],"categories":[88],"tags":[],"_links":{"self":[{"href":"https:\/\/mairie-curienne.fr\/index.php\/wp-json\/wp\/v2\/posts\/7818"}],"collection":[{"href":"https:\/\/mairie-curienne.fr\/index.php\/wp-json\/wp\/v2\/posts"}],"about":[{"href":"https:\/\/mairie-curienne.fr\/index.php\/wp-json\/wp\/v2\/types\/post"}],"author":[{"embeddable":true,"href":"https:\/\/mairie-curienne.fr\/index.php\/wp-json\/wp\/v2\/users\/2"}],"replies":[{"embeddable":true,"href":"https:\/\/mairie-curienne.fr\/index.php\/wp-json\/wp\/v2\/comments?post=7818"}],"version-history":[{"count":10,"href":"https:\/\/mairie-curienne.fr\/index.php\/wp-json\/wp\/v2\/posts\/7818\/revisions"}],"predecessor-version":[{"id":7833,"href":"https:\/\/mairie-curienne.fr\/index.php\/wp-json\/wp\/v2\/posts\/7818\/revisions\/7833"}],"wp:featuredmedia":[{"embeddable":true,"href":"https:\/\/mairie-curienne.fr\/index.php\/wp-json\/wp\/v2\/media\/7819"}],"wp:attachment":[{"href":"https:\/\/mairie-curienne.fr\/index.php\/wp-json\/wp\/v2\/media?parent=7818"}],"wp:term":[{"taxonomy":"category","embeddable":true,"href":"https:\/\/mairie-curienne.fr\/index.php\/wp-json\/wp\/v2\/categories?post=7818"},{"taxonomy":"post_tag","embeddable":true,"href":"https:\/\/mairie-curienne.fr\/index.php\/wp-json\/wp\/v2\/tags?post=7818"}],"curies":[{"name":"wp","href":"https:\/\/api.w.org\/{rel}","templated":true}]}}