{"id":7811,"date":"2025-05-18T21:39:48","date_gmt":"2025-05-18T19:39:48","guid":{"rendered":"https:\/\/mairie-curienne.fr\/?p=7811"},"modified":"2025-05-18T21:43:21","modified_gmt":"2025-05-18T19:43:21","slug":"cinebus-seances-du-mois-de-mai-2","status":"publish","type":"post","link":"https:\/\/mairie-curienne.fr\/index.php\/2025\/05\/18\/cinebus-seances-du-mois-de-mai-2\/","title":{"rendered":"Cin\u00e9bus s\u00e9ances du mois de mai"},"content":{"rendered":"\t\t<div data-elementor-type=\"wp-post\" data-elementor-id=\"7811\" class=\"elementor elementor-7811\">\n\t\t\t\t\t\t<div class=\"elementor-inner\">\n\t\t\t\t<div class=\"elementor-section-wrap\">\n\t\t\t\t\t\t\t\t\t<section class=\"elementor-section elementor-top-section elementor-element elementor-element-46e3936 elementor-section-boxed elementor-section-height-default elementor-section-height-default\" data-id=\"46e3936\" data-element_type=\"section\">\n\t\t\t\t\t\t<div class=\"elementor-container elementor-column-gap-default\">\n\t\t\t\t\t\t\t<div class=\"elementor-row\">\n\t\t\t\t\t<div class=\"elementor-column elementor-col-100 elementor-top-column elementor-element elementor-element-867c609\" data-id=\"867c609\" data-element_type=\"column\">\n\t\t\t<div class=\"elementor-column-wrap elementor-element-populated\">\n\t\t\t\t\t\t\t<div class=\"elementor-widget-wrap\">\n\t\t\t\t\t\t<div class=\"elementor-element elementor-element-8fccc2f elementor-widget elementor-widget-text-editor\" data-id=\"8fccc2f\" data-element_type=\"widget\" data-widget_type=\"text-editor.default\">\n\t\t\t\t<div class=\"elementor-widget-container\">\n\t\t\t\t\t\t\t\t<div class=\"elementor-text-editor elementor-clearfix\">\n\t\t\t\t<p>Les s\u00e9ances propos\u00e9es par Cin\u00e9bus pour le mois de mai<\/p><p><strong>Lundi 19 mai\u00a0<\/strong>:\u00a0<\/p><ul><li>Moon le panda \u00e0 <strong>17h<\/strong><\/li><li>Ma m\u00e8re, Dieu et Sylvie Vartan \u00e0 <strong>20h30<\/strong><\/li><\/ul><div>\u00a0<\/div>\t\t\t\t\t<\/div>\n\t\t\t\t\t\t<\/div>\n\t\t\t\t<\/div>\n\t\t\t\t\t\t<\/div>\n\t\t\t\t\t<\/div>\n\t\t<\/div>\n\t\t\t\t\t\t\t\t<\/div>\n\t\t\t\t\t<\/div>\n\t\t<\/section>\n\t\t\t\t\t\t\t\t\t<\/div>\n\t\t\t<\/div>\n\t\t\t\t\t<\/div>\n\t\t","protected":false},"excerpt":{"rendered":"<p>Les s\u00e9ances propos\u00e9es par Cin\u00e9bus pour le mois de mai Lundi 19 mai\u00a0:\u00a0 Moon le panda \u00e0 17h Ma m\u00e8re, Dieu et Sylvie Vartan \u00e0 20h30 \u00a0<\/p>\n","protected":false},"author":2,"featured_media":7813,"comment_status":"closed","ping_status":"closed","sticky":false,"template":"","format":"standard","meta":[],"categories":[88,90],"tags":[],"_links":{"self":[{"href":"https:\/\/mairie-curienne.fr\/index.php\/wp-json\/wp\/v2\/posts\/7811"}],"collection":[{"href":"https:\/\/mairie-curienne.fr\/index.php\/wp-json\/wp\/v2\/posts"}],"about":[{"href":"https:\/\/mairie-curienne.fr\/index.php\/wp-json\/wp\/v2\/types\/post"}],"author":[{"embeddable":true,"href":"https:\/\/mairie-curienne.fr\/index.php\/wp-json\/wp\/v2\/users\/2"}],"replies":[{"embeddable":true,"href":"https:\/\/mairie-curienne.fr\/index.php\/wp-json\/wp\/v2\/comments?post=7811"}],"version-history":[{"count":5,"href":"https:\/\/mairie-curienne.fr\/index.php\/wp-json\/wp\/v2\/posts\/7811\/revisions"}],"predecessor-version":[{"id":7895,"href":"https:\/\/mairie-curienne.fr\/index.php\/wp-json\/wp\/v2\/posts\/7811\/revisions\/7895"}],"wp:featuredmedia":[{"embeddable":true,"href":"https:\/\/mairie-curienne.fr\/index.php\/wp-json\/wp\/v2\/media\/7813"}],"wp:attachment":[{"href":"https:\/\/mairie-curienne.fr\/index.php\/wp-json\/wp\/v2\/media?parent=7811"}],"wp:term":[{"taxonomy":"category","embeddable":true,"href":"https:\/\/mairie-curienne.fr\/index.php\/wp-json\/wp\/v2\/categories?post=7811"},{"taxonomy":"post_tag","embeddable":true,"href":"https:\/\/mairie-curienne.fr\/index.php\/wp-json\/wp\/v2\/tags?post=7811"}],"curies":[{"name":"wp","href":"https:\/\/api.w.org\/{rel}","templated":true}]}}