{"id":7798,"date":"2025-05-06T17:25:40","date_gmt":"2025-05-06T15:25:40","guid":{"rendered":"https:\/\/mairie-curienne.fr\/?p=7798"},"modified":"2025-05-06T17:25:43","modified_gmt":"2025-05-06T15:25:43","slug":"les-fascines-le-8-mai-exposition-a-loccasion-du-80ieme-anniversaire-de-la-fin-de-la-seconde-guerre-mondiale","status":"publish","type":"post","link":"https:\/\/mairie-curienne.fr\/index.php\/2025\/05\/06\/les-fascines-le-8-mai-exposition-a-loccasion-du-80ieme-anniversaire-de-la-fin-de-la-seconde-guerre-mondiale\/","title":{"rendered":"Les Fascines : Le 8 mai, exposition \u00e0 l&rsquo;occasion du 80i\u00e8me anniversaire de la fin de la seconde guerre mondiale"},"content":{"rendered":"\t\t<div data-elementor-type=\"wp-post\" data-elementor-id=\"7798\" class=\"elementor elementor-7798\">\n\t\t\t\t\t\t<div class=\"elementor-inner\">\n\t\t\t\t<div class=\"elementor-section-wrap\">\n\t\t\t\t\t\t\t\t\t<section class=\"elementor-section elementor-top-section elementor-element elementor-element-7026416 elementor-section-boxed elementor-section-height-default elementor-section-height-default\" data-id=\"7026416\" data-element_type=\"section\">\n\t\t\t\t\t\t<div class=\"elementor-container elementor-column-gap-default\">\n\t\t\t\t\t\t\t<div class=\"elementor-row\">\n\t\t\t\t\t<div class=\"elementor-column elementor-col-100 elementor-top-column elementor-element elementor-element-caf25d1\" data-id=\"caf25d1\" data-element_type=\"column\">\n\t\t\t<div class=\"elementor-column-wrap elementor-element-populated\">\n\t\t\t\t\t\t\t<div class=\"elementor-widget-wrap\">\n\t\t\t\t\t\t<div class=\"elementor-element elementor-element-af49607 elementor-widget elementor-widget-text-editor\" data-id=\"af49607\" data-element_type=\"widget\" data-widget_type=\"text-editor.default\">\n\t\t\t\t<div class=\"elementor-widget-container\">\n\t\t\t\t\t\t\t\t<div class=\"elementor-text-editor elementor-clearfix\">\n\t\t\t\t<p>\u00c0 l\u2019occasion du 80i\u00e8me anniversaire de la fin de la seconde guerre mondiale et apr\u00e8s la traditionnelle c\u00e9r\u00e9monie au monument aux morts \u00e0 <strong>9h45<\/strong>, nous vous invitons \u00e0 venir d\u00e9couvrir l\u2019exposition en salle polyvalente.<\/p><p><a href=\"https:\/\/mairie-curienne.fr\/wp-content\/uploads\/2020\/07\/flyer_80ans_armistice_WWII_les_fascines.png\">T\u00e9l\u00e9chargement du flyer<\/a><\/p><p style=\"text-align: right;\"><strong>Les Fascines<\/strong><\/p>\t\t\t\t\t<\/div>\n\t\t\t\t\t\t<\/div>\n\t\t\t\t<\/div>\n\t\t\t\t\t\t<\/div>\n\t\t\t\t\t<\/div>\n\t\t<\/div>\n\t\t\t\t\t\t\t\t<\/div>\n\t\t\t\t\t<\/div>\n\t\t<\/section>\n\t\t\t\t\t\t\t\t\t<\/div>\n\t\t\t<\/div>\n\t\t\t\t\t<\/div>\n\t\t","protected":false},"excerpt":{"rendered":"<p>\u00c0 l\u2019occasion du 80i\u00e8me anniversaire de la fin de la seconde guerre mondiale et apr\u00e8s la traditionnelle c\u00e9r\u00e9monie au monument aux morts \u00e0 9h45, nous vous invitons \u00e0 venir d\u00e9couvrir l\u2019exposition en salle polyvalente. T\u00e9l\u00e9chargement du flyer Les Fascines<\/p>\n","protected":false},"author":2,"featured_media":7799,"comment_status":"closed","ping_status":"closed","sticky":false,"template":"","format":"standard","meta":[],"categories":[88,90],"tags":[],"_links":{"self":[{"href":"https:\/\/mairie-curienne.fr\/index.php\/wp-json\/wp\/v2\/posts\/7798"}],"collection":[{"href":"https:\/\/mairie-curienne.fr\/index.php\/wp-json\/wp\/v2\/posts"}],"about":[{"href":"https:\/\/mairie-curienne.fr\/index.php\/wp-json\/wp\/v2\/types\/post"}],"author":[{"embeddable":true,"href":"https:\/\/mairie-curienne.fr\/index.php\/wp-json\/wp\/v2\/users\/2"}],"replies":[{"embeddable":true,"href":"https:\/\/mairie-curienne.fr\/index.php\/wp-json\/wp\/v2\/comments?post=7798"}],"version-history":[{"count":9,"href":"https:\/\/mairie-curienne.fr\/index.php\/wp-json\/wp\/v2\/posts\/7798\/revisions"}],"predecessor-version":[{"id":7809,"href":"https:\/\/mairie-curienne.fr\/index.php\/wp-json\/wp\/v2\/posts\/7798\/revisions\/7809"}],"wp:featuredmedia":[{"embeddable":true,"href":"https:\/\/mairie-curienne.fr\/index.php\/wp-json\/wp\/v2\/media\/7799"}],"wp:attachment":[{"href":"https:\/\/mairie-curienne.fr\/index.php\/wp-json\/wp\/v2\/media?parent=7798"}],"wp:term":[{"taxonomy":"category","embeddable":true,"href":"https:\/\/mairie-curienne.fr\/index.php\/wp-json\/wp\/v2\/categories?post=7798"},{"taxonomy":"post_tag","embeddable":true,"href":"https:\/\/mairie-curienne.fr\/index.php\/wp-json\/wp\/v2\/tags?post=7798"}],"curies":[{"name":"wp","href":"https:\/\/api.w.org\/{rel}","templated":true}]}}