{"id":7684,"date":"2025-03-19T22:57:30","date_gmt":"2025-03-19T21:57:30","guid":{"rendered":"https:\/\/mairie-curienne.fr\/?p=7684"},"modified":"2025-03-19T23:00:28","modified_gmt":"2025-03-19T22:00:28","slug":"biblio-news-cafe-litteraire-le-samedi-22-mars","status":"publish","type":"post","link":"https:\/\/mairie-curienne.fr\/index.php\/2025\/03\/19\/biblio-news-cafe-litteraire-le-samedi-22-mars\/","title":{"rendered":"BIBLIO NEWS : Caf\u00e9 litt\u00e9raire le samedi 22 mars"},"content":{"rendered":"\t\t<div data-elementor-type=\"wp-post\" data-elementor-id=\"7684\" class=\"elementor elementor-7684\">\n\t\t\t\t\t\t<div class=\"elementor-inner\">\n\t\t\t\t<div class=\"elementor-section-wrap\">\n\t\t\t\t\t\t\t\t\t<section class=\"elementor-section elementor-top-section elementor-element elementor-element-87933bd elementor-section-boxed elementor-section-height-default elementor-section-height-default\" data-id=\"87933bd\" data-element_type=\"section\">\n\t\t\t\t\t\t<div class=\"elementor-container elementor-column-gap-default\">\n\t\t\t\t\t\t\t<div class=\"elementor-row\">\n\t\t\t\t\t<div class=\"elementor-column elementor-col-100 elementor-top-column elementor-element elementor-element-b99d355\" data-id=\"b99d355\" data-element_type=\"column\">\n\t\t\t<div class=\"elementor-column-wrap elementor-element-populated\">\n\t\t\t\t\t\t\t<div class=\"elementor-widget-wrap\">\n\t\t\t\t\t\t<div class=\"elementor-element elementor-element-c45fbee elementor-widget elementor-widget-text-editor\" data-id=\"c45fbee\" data-element_type=\"widget\" data-widget_type=\"text-editor.default\">\n\t\t\t\t<div class=\"elementor-widget-container\">\n\t\t\t\t\t\t\t\t<div class=\"elementor-text-editor elementor-clearfix\">\n\t\t\t\t<p>Ce <strong>samedi 22 mars<\/strong> \u00e0 partir de <strong>10h30<\/strong>, venez partager vos coups c\u0153ur litt\u00e9raire \u00e0 la biblioth\u00e8que de Curienne.<\/p><p>A tr\u00e8s bient\u00f4t\u00a0!<\/p><p style=\"text-align: right;\"><strong>Muriel, Marie-Ange, Chantal, Delphine, Marie, Gis\u00e8le et No\u00e9mie<\/strong><\/p>\t\t\t\t\t<\/div>\n\t\t\t\t\t\t<\/div>\n\t\t\t\t<\/div>\n\t\t\t\t\t\t<\/div>\n\t\t\t\t\t<\/div>\n\t\t<\/div>\n\t\t\t\t\t\t\t\t<\/div>\n\t\t\t\t\t<\/div>\n\t\t<\/section>\n\t\t\t\t\t\t\t\t\t<\/div>\n\t\t\t<\/div>\n\t\t\t\t\t<\/div>\n\t\t","protected":false},"excerpt":{"rendered":"<p>Ce samedi 22 mars \u00e0 partir de 10h30, venez partager vos coups c\u0153ur litt\u00e9raire \u00e0 la biblioth\u00e8que de Curienne. A tr\u00e8s bient\u00f4t\u00a0! Muriel, Marie-Ange, Chantal, Delphine, Marie, Gis\u00e8le et No\u00e9mie<\/p>\n","protected":false},"author":2,"featured_media":7686,"comment_status":"closed","ping_status":"closed","sticky":false,"template":"","format":"standard","meta":[],"categories":[88,90],"tags":[],"_links":{"self":[{"href":"https:\/\/mairie-curienne.fr\/index.php\/wp-json\/wp\/v2\/posts\/7684"}],"collection":[{"href":"https:\/\/mairie-curienne.fr\/index.php\/wp-json\/wp\/v2\/posts"}],"about":[{"href":"https:\/\/mairie-curienne.fr\/index.php\/wp-json\/wp\/v2\/types\/post"}],"author":[{"embeddable":true,"href":"https:\/\/mairie-curienne.fr\/index.php\/wp-json\/wp\/v2\/users\/2"}],"replies":[{"embeddable":true,"href":"https:\/\/mairie-curienne.fr\/index.php\/wp-json\/wp\/v2\/comments?post=7684"}],"version-history":[{"count":5,"href":"https:\/\/mairie-curienne.fr\/index.php\/wp-json\/wp\/v2\/posts\/7684\/revisions"}],"predecessor-version":[{"id":7850,"href":"https:\/\/mairie-curienne.fr\/index.php\/wp-json\/wp\/v2\/posts\/7684\/revisions\/7850"}],"wp:featuredmedia":[{"embeddable":true,"href":"https:\/\/mairie-curienne.fr\/index.php\/wp-json\/wp\/v2\/media\/7686"}],"wp:attachment":[{"href":"https:\/\/mairie-curienne.fr\/index.php\/wp-json\/wp\/v2\/media?parent=7684"}],"wp:term":[{"taxonomy":"category","embeddable":true,"href":"https:\/\/mairie-curienne.fr\/index.php\/wp-json\/wp\/v2\/categories?post=7684"},{"taxonomy":"post_tag","embeddable":true,"href":"https:\/\/mairie-curienne.fr\/index.php\/wp-json\/wp\/v2\/tags?post=7684"}],"curies":[{"name":"wp","href":"https:\/\/api.w.org\/{rel}","templated":true}]}}