{"id":7675,"date":"2025-03-13T21:30:55","date_gmt":"2025-03-13T20:30:55","guid":{"rendered":"https:\/\/mairie-curienne.fr\/?p=7675"},"modified":"2025-03-13T21:32:09","modified_gmt":"2025-03-13T20:32:09","slug":"travaux-delagage-2025","status":"publish","type":"post","link":"https:\/\/mairie-curienne.fr\/index.php\/2025\/03\/13\/travaux-delagage-2025\/","title":{"rendered":"Travaux d&rsquo;\u00e9lagage 2025"},"content":{"rendered":"\t\t<div data-elementor-type=\"wp-post\" data-elementor-id=\"7675\" class=\"elementor elementor-7675\">\n\t\t\t\t\t\t<div class=\"elementor-inner\">\n\t\t\t\t<div class=\"elementor-section-wrap\">\n\t\t\t\t\t\t\t\t\t<section class=\"elementor-section elementor-top-section elementor-element elementor-element-a2ee710 elementor-section-boxed elementor-section-height-default elementor-section-height-default\" data-id=\"a2ee710\" data-element_type=\"section\">\n\t\t\t\t\t\t<div class=\"elementor-container elementor-column-gap-default\">\n\t\t\t\t\t\t\t<div class=\"elementor-row\">\n\t\t\t\t\t<div class=\"elementor-column elementor-col-100 elementor-top-column elementor-element elementor-element-833ca71\" data-id=\"833ca71\" data-element_type=\"column\">\n\t\t\t<div class=\"elementor-column-wrap elementor-element-populated\">\n\t\t\t\t\t\t\t<div class=\"elementor-widget-wrap\">\n\t\t\t\t\t\t<div class=\"elementor-element elementor-element-53a6484 elementor-widget elementor-widget-text-editor\" data-id=\"53a6484\" data-element_type=\"widget\" data-widget_type=\"text-editor.default\">\n\t\t\t\t<div class=\"elementor-widget-container\">\n\t\t\t\t\t\t\t\t<div class=\"elementor-text-editor elementor-clearfix\">\n\t\t\t\t<p>Du <strong>10 mars 2025<\/strong> au <strong>31 d\u00e9cembre 2025<\/strong>, des travaux d&rsquo;\u00e9lagage d&rsquo;arbres pour les lignes \u00e9lectriques haute tension et basse tension vont \u00eatre entrepris sur Curienne.<\/p><p>Pour plus de renseignements : <a href=\"https:\/\/mairie-curienne.fr\/wp-content\/uploads\/2020\/07\/avis_travaux_ENEDIS_2025.pdf\">Avis de travaux ENEDIS 2025<\/a><\/p><p style=\"text-align: right;\"><strong>La mairie<\/strong><\/p>\t\t\t\t\t<\/div>\n\t\t\t\t\t\t<\/div>\n\t\t\t\t<\/div>\n\t\t\t\t\t\t<\/div>\n\t\t\t\t\t<\/div>\n\t\t<\/div>\n\t\t\t\t\t\t\t\t<\/div>\n\t\t\t\t\t<\/div>\n\t\t<\/section>\n\t\t\t\t\t\t\t\t\t<\/div>\n\t\t\t<\/div>\n\t\t\t\t\t<\/div>\n\t\t","protected":false},"excerpt":{"rendered":"<p>Du 10 mars 2025 au 31 d\u00e9cembre 2025, des travaux d&rsquo;\u00e9lagage d&rsquo;arbres pour les lignes \u00e9lectriques haute tension et basse tension vont \u00eatre entrepris sur Curienne. Pour plus de renseignements : Avis de travaux ENEDIS 2025 La mairie<\/p>\n","protected":false},"author":2,"featured_media":7676,"comment_status":"closed","ping_status":"closed","sticky":false,"template":"","format":"standard","meta":[],"categories":[88,91],"tags":[],"_links":{"self":[{"href":"https:\/\/mairie-curienne.fr\/index.php\/wp-json\/wp\/v2\/posts\/7675"}],"collection":[{"href":"https:\/\/mairie-curienne.fr\/index.php\/wp-json\/wp\/v2\/posts"}],"about":[{"href":"https:\/\/mairie-curienne.fr\/index.php\/wp-json\/wp\/v2\/types\/post"}],"author":[{"embeddable":true,"href":"https:\/\/mairie-curienne.fr\/index.php\/wp-json\/wp\/v2\/users\/2"}],"replies":[{"embeddable":true,"href":"https:\/\/mairie-curienne.fr\/index.php\/wp-json\/wp\/v2\/comments?post=7675"}],"version-history":[{"count":5,"href":"https:\/\/mairie-curienne.fr\/index.php\/wp-json\/wp\/v2\/posts\/7675\/revisions"}],"predecessor-version":[{"id":7682,"href":"https:\/\/mairie-curienne.fr\/index.php\/wp-json\/wp\/v2\/posts\/7675\/revisions\/7682"}],"wp:featuredmedia":[{"embeddable":true,"href":"https:\/\/mairie-curienne.fr\/index.php\/wp-json\/wp\/v2\/media\/7676"}],"wp:attachment":[{"href":"https:\/\/mairie-curienne.fr\/index.php\/wp-json\/wp\/v2\/media?parent=7675"}],"wp:term":[{"taxonomy":"category","embeddable":true,"href":"https:\/\/mairie-curienne.fr\/index.php\/wp-json\/wp\/v2\/categories?post=7675"},{"taxonomy":"post_tag","embeddable":true,"href":"https:\/\/mairie-curienne.fr\/index.php\/wp-json\/wp\/v2\/tags?post=7675"}],"curies":[{"name":"wp","href":"https:\/\/api.w.org\/{rel}","templated":true}]}}