{"id":7495,"date":"2024-11-20T21:50:25","date_gmt":"2024-11-20T20:50:25","guid":{"rendered":"https:\/\/mairie-curienne.fr\/?p=7495"},"modified":"2024-11-20T21:56:36","modified_gmt":"2024-11-20T20:56:36","slug":"biblio-news-novembre-decembre-2024","status":"publish","type":"post","link":"https:\/\/mairie-curienne.fr\/index.php\/2024\/11\/20\/biblio-news-novembre-decembre-2024\/","title":{"rendered":"BIBLIO NEWS : Novembre \/ D\u00e9cembre 2024"},"content":{"rendered":"\t\t<div data-elementor-type=\"wp-post\" data-elementor-id=\"7495\" class=\"elementor elementor-7495\">\n\t\t\t\t\t\t<div class=\"elementor-inner\">\n\t\t\t\t<div class=\"elementor-section-wrap\">\n\t\t\t\t\t\t\t\t\t<section class=\"elementor-section elementor-top-section elementor-element elementor-element-2fdba2b elementor-section-boxed elementor-section-height-default elementor-section-height-default\" data-id=\"2fdba2b\" data-element_type=\"section\">\n\t\t\t\t\t\t<div class=\"elementor-container elementor-column-gap-default\">\n\t\t\t\t\t\t\t<div class=\"elementor-row\">\n\t\t\t\t\t<div class=\"elementor-column elementor-col-100 elementor-top-column elementor-element elementor-element-c8bd348\" data-id=\"c8bd348\" data-element_type=\"column\">\n\t\t\t<div class=\"elementor-column-wrap elementor-element-populated\">\n\t\t\t\t\t\t\t<div class=\"elementor-widget-wrap\">\n\t\t\t\t\t\t<div class=\"elementor-element elementor-element-d9241b8 elementor-widget elementor-widget-text-editor\" data-id=\"d9241b8\" data-element_type=\"widget\" data-widget_type=\"text-editor.default\">\n\t\t\t\t<div class=\"elementor-widget-container\">\n\t\t\t\t\t\t\t\t<div class=\"elementor-text-editor elementor-clearfix\">\n\t\t\t\t<p>Venez faire le plein d\u2019animations \u00e0 la biblioth\u00e8que pour cette fin d\u2019ann\u00e9e\u00a0!<br \/>Au programme, raconte-tapis pour les plus petits, cr\u00e9ation de marque-pages avec Marie et Delphine, origamis et contes de No\u00ebl.<\/p><p>Dates des animations\u00a0:<\/p><ul><li>Raconte-tapis <strong>mercredi 20 novembre<\/strong> \u00e0 17h 15 \u00ab Je peux te confier un secret ? \u00bb \u00e0 partir du tr\u00e8s bel album d\u2019Emilie Vast \u00ab Moi j\u2019ai peur du loup \u00bb<\/li><li>Fabrique ton marque-page <strong>samedi 23 novembre \u00e0 partir de 10h30<\/strong> ou <strong>mercredi 27 novembre \u00e0 partir de 17h30<\/strong><\/li><li>Raconte-tapis <strong>mercredi 4 d\u00e9cembre \u00e0 17h15<\/strong> \u00ab Hou ! Hou ! \u00ab<\/li><li>Origamis et contes de No\u00ebl <strong>samedi 14 d\u00e9cembre \u00e0 partir de 10h30<\/strong><\/li><\/ul><p style=\"text-align: right;\">\u00a0<\/p>\t\t\t\t\t<\/div>\n\t\t\t\t\t\t<\/div>\n\t\t\t\t<\/div>\n\t\t\t\t<div class=\"elementor-element elementor-element-18e778e elementor-widget__width-auto elementor-widget elementor-widget-image\" data-id=\"18e778e\" data-element_type=\"widget\" data-widget_type=\"image.default\">\n\t\t\t\t<div class=\"elementor-widget-container\">\n\t\t\t\t\t\t\t\t<div class=\"elementor-image\">\n\t\t\t\t\t\t\t\t\t\t\t\t<img decoding=\"async\" width=\"396\" height=\"560\" src=\"https:\/\/mairie-curienne.fr\/wp-content\/uploads\/2020\/07\/biblio_1_11122024-396x560.jpg\" class=\"attachment-egovt_blog_thumb size-egovt_blog_thumb wp-image-7501\" alt=\"\" loading=\"lazy\" srcset=\"https:\/\/mairie-curienne.fr\/wp-content\/uploads\/2020\/07\/biblio_1_11122024-396x560.jpg 396w, https:\/\/mairie-curienne.fr\/wp-content\/uploads\/2020\/07\/biblio_1_11122024-212x300.jpg 212w, https:\/\/mairie-curienne.fr\/wp-content\/uploads\/2020\/07\/biblio_1_11122024-724x1024.jpg 724w, https:\/\/mairie-curienne.fr\/wp-content\/uploads\/2020\/07\/biblio_1_11122024-768x1086.jpg 768w, https:\/\/mairie-curienne.fr\/wp-content\/uploads\/2020\/07\/biblio_1_11122024-1086x1536.jpg 1086w, https:\/\/mairie-curienne.fr\/wp-content\/uploads\/2020\/07\/biblio_1_11122024-424x600.jpg 424w, https:\/\/mairie-curienne.fr\/wp-content\/uploads\/2020\/07\/biblio_1_11122024-1320x1867.jpg 1320w, https:\/\/mairie-curienne.fr\/wp-content\/uploads\/2020\/07\/biblio_1_11122024.jpg 1414w\" sizes=\"(max-width: 396px) 100vw, 396px\" \/>\t\t\t\t\t\t\t\t\t\t\t\t\t\t<\/div>\n\t\t\t\t\t\t<\/div>\n\t\t\t\t<\/div>\n\t\t\t\t<div class=\"elementor-element elementor-element-6ba12c8 elementor-widget__width-auto elementor-widget elementor-widget-image\" data-id=\"6ba12c8\" data-element_type=\"widget\" data-widget_type=\"image.default\">\n\t\t\t\t<div class=\"elementor-widget-container\">\n\t\t\t\t\t\t\t\t<div class=\"elementor-image\">\n\t\t\t\t\t\t\t\t\t\t\t\t<img decoding=\"async\" width=\"396\" height=\"560\" src=\"https:\/\/mairie-curienne.fr\/wp-content\/uploads\/2020\/07\/biblio_2_11122024-396x560.jpg\" class=\"attachment-egovt_blog_thumb size-egovt_blog_thumb wp-image-7502\" alt=\"\" loading=\"lazy\" srcset=\"https:\/\/mairie-curienne.fr\/wp-content\/uploads\/2020\/07\/biblio_2_11122024-396x560.jpg 396w, https:\/\/mairie-curienne.fr\/wp-content\/uploads\/2020\/07\/biblio_2_11122024-212x300.jpg 212w, https:\/\/mairie-curienne.fr\/wp-content\/uploads\/2020\/07\/biblio_2_11122024-724x1024.jpg 724w, https:\/\/mairie-curienne.fr\/wp-content\/uploads\/2020\/07\/biblio_2_11122024-768x1086.jpg 768w, https:\/\/mairie-curienne.fr\/wp-content\/uploads\/2020\/07\/biblio_2_11122024-1086x1536.jpg 1086w, https:\/\/mairie-curienne.fr\/wp-content\/uploads\/2020\/07\/biblio_2_11122024-424x600.jpg 424w, https:\/\/mairie-curienne.fr\/wp-content\/uploads\/2020\/07\/biblio_2_11122024-1320x1867.jpg 1320w, https:\/\/mairie-curienne.fr\/wp-content\/uploads\/2020\/07\/biblio_2_11122024.jpg 1414w\" sizes=\"(max-width: 396px) 100vw, 396px\" \/>\t\t\t\t\t\t\t\t\t\t\t\t\t\t<\/div>\n\t\t\t\t\t\t<\/div>\n\t\t\t\t<\/div>\n\t\t\t\t<div class=\"elementor-element elementor-element-3c373a8 elementor-widget elementor-widget-text-editor\" data-id=\"3c373a8\" data-element_type=\"widget\" data-widget_type=\"text-editor.default\">\n\t\t\t\t<div class=\"elementor-widget-container\">\n\t\t\t\t\t\t\t\t<div class=\"elementor-text-editor elementor-clearfix\">\n\t\t\t\t<p>Rappel des horaires d\u2019ouverture :<\/p><ul><li><strong>Samedi<\/strong> de <strong>10h30<\/strong> \u00e0 <strong>12h<\/strong><\/li><li><strong>Mercredi<\/strong> (hors vacances scolaires) de <strong>17h<\/strong> \u00e0 <strong>18h30<\/strong><\/li><\/ul><p>A tr\u00e8s bient\u00f4t\u00a0!<\/p><p style=\"text-align: right;\"><br \/><strong>Muriel, Marie-Ange, Chantal, Delphine, Marie, Gis\u00e8le et No\u00e9mie<\/strong><\/p>\t\t\t\t\t<\/div>\n\t\t\t\t\t\t<\/div>\n\t\t\t\t<\/div>\n\t\t\t\t\t\t<\/div>\n\t\t\t\t\t<\/div>\n\t\t<\/div>\n\t\t\t\t\t\t\t\t<\/div>\n\t\t\t\t\t<\/div>\n\t\t<\/section>\n\t\t\t\t\t\t\t\t\t<\/div>\n\t\t\t<\/div>\n\t\t\t\t\t<\/div>\n\t\t","protected":false},"excerpt":{"rendered":"<p>Venez faire le plein d\u2019animations \u00e0 la biblioth\u00e8que pour cette fin d\u2019ann\u00e9e\u00a0!Au programme, raconte-tapis pour les plus petits, cr\u00e9ation de marque-pages avec Marie et Delphine, origamis et contes de No\u00ebl. Dates des animations\u00a0: Raconte-tapis mercredi 20 novembre \u00e0 17h 15 \u00ab Je peux te confier un secret ? \u00bb \u00e0 partir du tr\u00e8s bel album [&hellip;]<\/p>\n","protected":false},"author":2,"featured_media":7496,"comment_status":"closed","ping_status":"closed","sticky":false,"template":"","format":"standard","meta":[],"categories":[88,90],"tags":[],"_links":{"self":[{"href":"https:\/\/mairie-curienne.fr\/index.php\/wp-json\/wp\/v2\/posts\/7495"}],"collection":[{"href":"https:\/\/mairie-curienne.fr\/index.php\/wp-json\/wp\/v2\/posts"}],"about":[{"href":"https:\/\/mairie-curienne.fr\/index.php\/wp-json\/wp\/v2\/types\/post"}],"author":[{"embeddable":true,"href":"https:\/\/mairie-curienne.fr\/index.php\/wp-json\/wp\/v2\/users\/2"}],"replies":[{"embeddable":true,"href":"https:\/\/mairie-curienne.fr\/index.php\/wp-json\/wp\/v2\/comments?post=7495"}],"version-history":[{"count":8,"href":"https:\/\/mairie-curienne.fr\/index.php\/wp-json\/wp\/v2\/posts\/7495\/revisions"}],"predecessor-version":[{"id":7693,"href":"https:\/\/mairie-curienne.fr\/index.php\/wp-json\/wp\/v2\/posts\/7495\/revisions\/7693"}],"wp:featuredmedia":[{"embeddable":true,"href":"https:\/\/mairie-curienne.fr\/index.php\/wp-json\/wp\/v2\/media\/7496"}],"wp:attachment":[{"href":"https:\/\/mairie-curienne.fr\/index.php\/wp-json\/wp\/v2\/media?parent=7495"}],"wp:term":[{"taxonomy":"category","embeddable":true,"href":"https:\/\/mairie-curienne.fr\/index.php\/wp-json\/wp\/v2\/categories?post=7495"},{"taxonomy":"post_tag","embeddable":true,"href":"https:\/\/mairie-curienne.fr\/index.php\/wp-json\/wp\/v2\/tags?post=7495"}],"curies":[{"name":"wp","href":"https:\/\/api.w.org\/{rel}","templated":true}]}}