{"id":7035,"date":"2024-05-06T21:15:34","date_gmt":"2024-05-06T19:15:34","guid":{"rendered":"https:\/\/mairie-curienne.fr\/?p=7035"},"modified":"2024-05-06T21:20:27","modified_gmt":"2024-05-06T19:20:27","slug":"cinebus-seances-du-mois-de-mai","status":"publish","type":"post","link":"https:\/\/mairie-curienne.fr\/index.php\/2024\/05\/06\/cinebus-seances-du-mois-de-mai\/","title":{"rendered":"Cin\u00e9bus s\u00e9ances du mois de mai"},"content":{"rendered":"\t\t<div data-elementor-type=\"wp-post\" data-elementor-id=\"7035\" class=\"elementor elementor-7035\">\n\t\t\t\t\t\t<div class=\"elementor-inner\">\n\t\t\t\t<div class=\"elementor-section-wrap\">\n\t\t\t\t\t\t\t\t\t<section class=\"elementor-section elementor-top-section elementor-element elementor-element-a53060e elementor-section-boxed elementor-section-height-default elementor-section-height-default\" data-id=\"a53060e\" data-element_type=\"section\">\n\t\t\t\t\t\t<div class=\"elementor-container elementor-column-gap-default\">\n\t\t\t\t\t\t\t<div class=\"elementor-row\">\n\t\t\t\t\t<div class=\"elementor-column elementor-col-100 elementor-top-column elementor-element elementor-element-e91250a\" data-id=\"e91250a\" data-element_type=\"column\">\n\t\t\t<div class=\"elementor-column-wrap elementor-element-populated\">\n\t\t\t\t\t\t\t<div class=\"elementor-widget-wrap\">\n\t\t\t\t\t\t<div class=\"elementor-element elementor-element-b950bed elementor-widget elementor-widget-text-editor\" data-id=\"b950bed\" data-element_type=\"widget\" data-widget_type=\"text-editor.default\">\n\t\t\t\t<div class=\"elementor-widget-container\">\n\t\t\t\t\t\t\t\t<div class=\"elementor-text-editor elementor-clearfix\">\n\t\t\t\t<p>Les s\u00e9ances propos\u00e9es par Cin\u00e9bus pour le mois de mai<\/p><p><strong><span style=\"font-family: var( --e-global-typography-text-font-family ), Sans-serif; letter-spacing: 0px;\">L<\/span><\/strong><strong style=\"font-family: var( --e-global-typography-text-font-family ), Sans-serif; letter-spacing: 0px;\">undi 13 mai <\/strong><span style=\"font-family: var( --e-global-typography-text-font-family ), Sans-serif; font-weight: var( --e-global-typography-text-font-weight ); letter-spacing: 0px;\">:<\/span><\/p><ul><li style=\"border-bottom: none;\">Kung-Fu Panda 4 \u00e0 <span style=\"font-weight: bolder;\">17h<\/span><\/li><li>Il reste encore demain \u00e0 <strong>20h30<\/strong><\/li><\/ul><p><strong style=\"font-family: var( --e-global-typography-text-font-family ), Sans-serif; letter-spacing: 0px;\">Dimanche 26\u00a0mai <\/strong><span style=\"font-family: var( --e-global-typography-text-font-family ), Sans-serif; font-weight: var( --e-global-typography-text-font-weight ); letter-spacing: 0px;\">:<\/span>\u00a0<\/p><ul><li>La th\u00e9orie du boxeur \u00e0 <strong>20h30<\/strong><\/li><\/ul><p><strong>Synopsis<\/strong> : Vagues de chaleur, s\u00e9cheresses, gels tardifs ou ravageurs, le climat se d\u00e9r\u00e8gle et notre agriculture doit bifurquer\u2026 Mais vers o\u00f9 ? Nathana\u00ebl Coste enqu\u00eate dans la vall\u00e9e de la Dr\u00f4me pour comprendre comment les agriculteur.rice.s s\u2019adaptent, tout en questionnant la r\u00e9silience alimentaire des territoires.<\/p><p>Bande annonce : <a href=\"https:\/\/www.allocine.fr\/video\/player_gen_cmedia=19602858&amp;cfilm=321383.html\">La Th\u00e9orie du Boxeur Bande-annonce VF &#8211; AlloCin\u00e9 (allocine.fr)<\/a><\/p>\t\t\t\t\t<\/div>\n\t\t\t\t\t\t<\/div>\n\t\t\t\t<\/div>\n\t\t\t\t\t\t<\/div>\n\t\t\t\t\t<\/div>\n\t\t<\/div>\n\t\t\t\t\t\t\t\t<\/div>\n\t\t\t\t\t<\/div>\n\t\t<\/section>\n\t\t\t\t\t\t\t\t\t<\/div>\n\t\t\t<\/div>\n\t\t\t\t\t<\/div>\n\t\t","protected":false},"excerpt":{"rendered":"<p>Les s\u00e9ances propos\u00e9es par Cin\u00e9bus pour le mois de mai Lundi 13 mai : Kung-Fu Panda 4 \u00e0 17h Il reste encore demain \u00e0 20h30 Dimanche 26\u00a0mai :\u00a0 La th\u00e9orie du boxeur \u00e0 20h30 Synopsis : Vagues de chaleur, s\u00e9cheresses, gels tardifs ou ravageurs, le climat se d\u00e9r\u00e8gle et notre agriculture doit bifurquer\u2026 Mais vers [&hellip;]<\/p>\n","protected":false},"author":2,"featured_media":7036,"comment_status":"closed","ping_status":"closed","sticky":false,"template":"","format":"standard","meta":[],"categories":[88,90,91],"tags":[],"_links":{"self":[{"href":"https:\/\/mairie-curienne.fr\/index.php\/wp-json\/wp\/v2\/posts\/7035"}],"collection":[{"href":"https:\/\/mairie-curienne.fr\/index.php\/wp-json\/wp\/v2\/posts"}],"about":[{"href":"https:\/\/mairie-curienne.fr\/index.php\/wp-json\/wp\/v2\/types\/post"}],"author":[{"embeddable":true,"href":"https:\/\/mairie-curienne.fr\/index.php\/wp-json\/wp\/v2\/users\/2"}],"replies":[{"embeddable":true,"href":"https:\/\/mairie-curienne.fr\/index.php\/wp-json\/wp\/v2\/comments?post=7035"}],"version-history":[{"count":7,"href":"https:\/\/mairie-curienne.fr\/index.php\/wp-json\/wp\/v2\/posts\/7035\/revisions"}],"predecessor-version":[{"id":7044,"href":"https:\/\/mairie-curienne.fr\/index.php\/wp-json\/wp\/v2\/posts\/7035\/revisions\/7044"}],"wp:featuredmedia":[{"embeddable":true,"href":"https:\/\/mairie-curienne.fr\/index.php\/wp-json\/wp\/v2\/media\/7036"}],"wp:attachment":[{"href":"https:\/\/mairie-curienne.fr\/index.php\/wp-json\/wp\/v2\/media?parent=7035"}],"wp:term":[{"taxonomy":"category","embeddable":true,"href":"https:\/\/mairie-curienne.fr\/index.php\/wp-json\/wp\/v2\/categories?post=7035"},{"taxonomy":"post_tag","embeddable":true,"href":"https:\/\/mairie-curienne.fr\/index.php\/wp-json\/wp\/v2\/tags?post=7035"}],"curies":[{"name":"wp","href":"https:\/\/api.w.org\/{rel}","templated":true}]}}