{"id":7023,"date":"2024-05-06T20:45:16","date_gmt":"2024-05-06T18:45:16","guid":{"rendered":"https:\/\/mairie-curienne.fr\/?p=7023"},"modified":"2024-05-06T20:45:52","modified_gmt":"2024-05-06T18:45:52","slug":"ceremonie-du-8-mai","status":"publish","type":"post","link":"https:\/\/mairie-curienne.fr\/index.php\/2024\/05\/06\/ceremonie-du-8-mai\/","title":{"rendered":"C\u00e9r\u00e9monie du 8 mai"},"content":{"rendered":"\t\t<div data-elementor-type=\"wp-post\" data-elementor-id=\"7023\" class=\"elementor elementor-7023\">\n\t\t\t\t\t\t<div class=\"elementor-inner\">\n\t\t\t\t<div class=\"elementor-section-wrap\">\n\t\t\t\t\t\t\t\t\t<section class=\"elementor-section elementor-top-section elementor-element elementor-element-230de60 elementor-section-boxed elementor-section-height-default elementor-section-height-default\" data-id=\"230de60\" data-element_type=\"section\">\n\t\t\t\t\t\t<div class=\"elementor-container elementor-column-gap-default\">\n\t\t\t\t\t\t\t<div class=\"elementor-row\">\n\t\t\t\t\t<div class=\"elementor-column elementor-col-100 elementor-top-column elementor-element elementor-element-be79027\" data-id=\"be79027\" data-element_type=\"column\">\n\t\t\t<div class=\"elementor-column-wrap elementor-element-populated\">\n\t\t\t\t\t\t\t<div class=\"elementor-widget-wrap\">\n\t\t\t\t\t\t<div class=\"elementor-element elementor-element-8de10e3 elementor-widget elementor-widget-text-editor\" data-id=\"8de10e3\" data-element_type=\"widget\" data-widget_type=\"text-editor.default\">\n\t\t\t\t<div class=\"elementor-widget-container\">\n\t\t\t\t\t\t\t\t<div class=\"elementor-text-editor elementor-clearfix\">\n\t\t\t\t<p>Pour les comm\u00e9morations du 8 mai, la c\u00e9r\u00e9monie aura lieu le mercredi 8 mai \u00e0 <b>9h50<\/b> devant le monument aux morts de la commune.<\/p>\t\t\t\t\t<\/div>\n\t\t\t\t\t\t<\/div>\n\t\t\t\t<\/div>\n\t\t\t\t\t\t<\/div>\n\t\t\t\t\t<\/div>\n\t\t<\/div>\n\t\t\t\t\t\t\t\t<\/div>\n\t\t\t\t\t<\/div>\n\t\t<\/section>\n\t\t\t\t\t\t\t\t\t<\/div>\n\t\t\t<\/div>\n\t\t\t\t\t<\/div>\n\t\t","protected":false},"excerpt":{"rendered":"<p>Pour les comm\u00e9morations du 8 mai, la c\u00e9r\u00e9monie aura lieu le mercredi 8 mai \u00e0 9h50 devant le monument aux morts de la commune.<\/p>\n","protected":false},"author":2,"featured_media":3138,"comment_status":"closed","ping_status":"closed","sticky":false,"template":"","format":"standard","meta":[],"categories":[88,91],"tags":[],"_links":{"self":[{"href":"https:\/\/mairie-curienne.fr\/index.php\/wp-json\/wp\/v2\/posts\/7023"}],"collection":[{"href":"https:\/\/mairie-curienne.fr\/index.php\/wp-json\/wp\/v2\/posts"}],"about":[{"href":"https:\/\/mairie-curienne.fr\/index.php\/wp-json\/wp\/v2\/types\/post"}],"author":[{"embeddable":true,"href":"https:\/\/mairie-curienne.fr\/index.php\/wp-json\/wp\/v2\/users\/2"}],"replies":[{"embeddable":true,"href":"https:\/\/mairie-curienne.fr\/index.php\/wp-json\/wp\/v2\/comments?post=7023"}],"version-history":[{"count":4,"href":"https:\/\/mairie-curienne.fr\/index.php\/wp-json\/wp\/v2\/posts\/7023\/revisions"}],"predecessor-version":[{"id":7028,"href":"https:\/\/mairie-curienne.fr\/index.php\/wp-json\/wp\/v2\/posts\/7023\/revisions\/7028"}],"wp:featuredmedia":[{"embeddable":true,"href":"https:\/\/mairie-curienne.fr\/index.php\/wp-json\/wp\/v2\/media\/3138"}],"wp:attachment":[{"href":"https:\/\/mairie-curienne.fr\/index.php\/wp-json\/wp\/v2\/media?parent=7023"}],"wp:term":[{"taxonomy":"category","embeddable":true,"href":"https:\/\/mairie-curienne.fr\/index.php\/wp-json\/wp\/v2\/categories?post=7023"},{"taxonomy":"post_tag","embeddable":true,"href":"https:\/\/mairie-curienne.fr\/index.php\/wp-json\/wp\/v2\/tags?post=7023"}],"curies":[{"name":"wp","href":"https:\/\/api.w.org\/{rel}","templated":true}]}}