{"id":7016,"date":"2024-04-12T08:52:30","date_gmt":"2024-04-12T06:52:30","guid":{"rendered":"https:\/\/mairie-curienne.fr\/?p=7016"},"modified":"2024-04-12T08:52:33","modified_gmt":"2024-04-12T06:52:33","slug":"dimanche-21-avril-les-30-ans-des-fascines","status":"publish","type":"post","link":"https:\/\/mairie-curienne.fr\/index.php\/2024\/04\/12\/dimanche-21-avril-les-30-ans-des-fascines\/","title":{"rendered":"Dimanche 21 avril : Les 30 ans des Fascines"},"content":{"rendered":"\t\t<div data-elementor-type=\"wp-post\" data-elementor-id=\"7016\" class=\"elementor elementor-7016\">\n\t\t\t\t\t\t<div class=\"elementor-inner\">\n\t\t\t\t<div class=\"elementor-section-wrap\">\n\t\t\t\t\t\t\t\t\t<section class=\"elementor-section elementor-top-section elementor-element elementor-element-9ab4e08 elementor-section-boxed elementor-section-height-default elementor-section-height-default\" data-id=\"9ab4e08\" data-element_type=\"section\">\n\t\t\t\t\t\t<div class=\"elementor-container elementor-column-gap-default\">\n\t\t\t\t\t\t\t<div class=\"elementor-row\">\n\t\t\t\t\t<div class=\"elementor-column elementor-col-100 elementor-top-column elementor-element elementor-element-de7d8cf\" data-id=\"de7d8cf\" data-element_type=\"column\">\n\t\t\t<div class=\"elementor-column-wrap elementor-element-populated\">\n\t\t\t\t\t\t\t<div class=\"elementor-widget-wrap\">\n\t\t\t\t\t\t<div class=\"elementor-element elementor-element-758c372 elementor-widget elementor-widget-text-editor\" data-id=\"758c372\" data-element_type=\"widget\" data-widget_type=\"text-editor.default\">\n\t\t\t\t<div class=\"elementor-widget-container\">\n\t\t\t\t\t\t\t\t<div class=\"elementor-text-editor elementor-clearfix\">\n\t\t\t\t<p>Le <strong>dimanche 21 avril 2024<\/strong> de <strong>11h<\/strong> \u00e0 <strong>14h<\/strong> \u00e0 la salle polyvalente de Curienne, l&rsquo;association Les Fascines f\u00eate ses 30 ans de mise en valeur du patrimoine<\/p><p>Cela sera l&rsquo;occasion de se retrouver autours d&rsquo;expositions telles que : \u00ab\u00a030 ans en r\u00e9cits et en images\u00a0\u00bb, \u00ab\u00a0Nos chemins\u00a0\u00bb, \u00ab\u00a0Une \u00e9glise pour quoi faire ?\u00a0\u00bb ou encore \u00ab\u00a0Le site du Mont Saint-Michel\u00a0\u00bb<\/p><p>Il y aura \u00e9galement une buvette avec la vente de pains, flammekueches, pizzas et diots.<\/p><p style=\"text-align: right;\"><strong>Les Fascines<\/strong><\/p>\t\t\t\t\t<\/div>\n\t\t\t\t\t\t<\/div>\n\t\t\t\t<\/div>\n\t\t\t\t\t\t<\/div>\n\t\t\t\t\t<\/div>\n\t\t<\/div>\n\t\t\t\t\t\t\t\t<\/div>\n\t\t\t\t\t<\/div>\n\t\t<\/section>\n\t\t\t\t\t\t\t\t\t<\/div>\n\t\t\t<\/div>\n\t\t\t\t\t<\/div>\n\t\t","protected":false},"excerpt":{"rendered":"<p>Le dimanche 21 avril 2024 de 11h \u00e0 14h \u00e0 la salle polyvalente de Curienne, l&rsquo;association Les Fascines f\u00eate ses 30 ans de mise en valeur du patrimoine Cela sera l&rsquo;occasion de se retrouver autours d&rsquo;expositions telles que : \u00ab\u00a030 ans en r\u00e9cits et en images\u00a0\u00bb, \u00ab\u00a0Nos chemins\u00a0\u00bb, \u00ab\u00a0Une \u00e9glise pour quoi faire ?\u00a0\u00bb ou [&hellip;]<\/p>\n","protected":false},"author":2,"featured_media":7015,"comment_status":"closed","ping_status":"closed","sticky":false,"template":"","format":"standard","meta":[],"categories":[88,90],"tags":[],"_links":{"self":[{"href":"https:\/\/mairie-curienne.fr\/index.php\/wp-json\/wp\/v2\/posts\/7016"}],"collection":[{"href":"https:\/\/mairie-curienne.fr\/index.php\/wp-json\/wp\/v2\/posts"}],"about":[{"href":"https:\/\/mairie-curienne.fr\/index.php\/wp-json\/wp\/v2\/types\/post"}],"author":[{"embeddable":true,"href":"https:\/\/mairie-curienne.fr\/index.php\/wp-json\/wp\/v2\/users\/2"}],"replies":[{"embeddable":true,"href":"https:\/\/mairie-curienne.fr\/index.php\/wp-json\/wp\/v2\/comments?post=7016"}],"version-history":[{"count":5,"href":"https:\/\/mairie-curienne.fr\/index.php\/wp-json\/wp\/v2\/posts\/7016\/revisions"}],"predecessor-version":[{"id":7021,"href":"https:\/\/mairie-curienne.fr\/index.php\/wp-json\/wp\/v2\/posts\/7016\/revisions\/7021"}],"wp:featuredmedia":[{"embeddable":true,"href":"https:\/\/mairie-curienne.fr\/index.php\/wp-json\/wp\/v2\/media\/7015"}],"wp:attachment":[{"href":"https:\/\/mairie-curienne.fr\/index.php\/wp-json\/wp\/v2\/media?parent=7016"}],"wp:term":[{"taxonomy":"category","embeddable":true,"href":"https:\/\/mairie-curienne.fr\/index.php\/wp-json\/wp\/v2\/categories?post=7016"},{"taxonomy":"post_tag","embeddable":true,"href":"https:\/\/mairie-curienne.fr\/index.php\/wp-json\/wp\/v2\/tags?post=7016"}],"curies":[{"name":"wp","href":"https:\/\/api.w.org\/{rel}","templated":true}]}}