{"id":7002,"date":"2024-04-01T22:55:14","date_gmt":"2024-04-01T20:55:14","guid":{"rendered":"https:\/\/mairie-curienne.fr\/?p=7002"},"modified":"2024-04-01T23:01:04","modified_gmt":"2024-04-01T21:01:04","slug":"amenagement-du-carrefour-de-la-trousse","status":"publish","type":"post","link":"https:\/\/mairie-curienne.fr\/index.php\/2024\/04\/01\/amenagement-du-carrefour-de-la-trousse\/","title":{"rendered":"Am\u00e9nagement du carrefour de la Trousse"},"content":{"rendered":"\t\t<div data-elementor-type=\"wp-post\" data-elementor-id=\"7002\" class=\"elementor elementor-7002\">\n\t\t\t\t\t\t<div class=\"elementor-inner\">\n\t\t\t\t<div class=\"elementor-section-wrap\">\n\t\t\t\t\t\t\t\t\t<section class=\"elementor-section elementor-top-section elementor-element elementor-element-2e30d89 elementor-section-boxed elementor-section-height-default elementor-section-height-default\" data-id=\"2e30d89\" data-element_type=\"section\">\n\t\t\t\t\t\t<div class=\"elementor-container elementor-column-gap-default\">\n\t\t\t\t\t\t\t<div class=\"elementor-row\">\n\t\t\t\t\t<div class=\"elementor-column elementor-col-100 elementor-top-column elementor-element elementor-element-9993420\" data-id=\"9993420\" data-element_type=\"column\">\n\t\t\t<div class=\"elementor-column-wrap elementor-element-populated\">\n\t\t\t\t\t\t\t<div class=\"elementor-widget-wrap\">\n\t\t\t\t\t\t<div class=\"elementor-element elementor-element-01b6018 elementor-widget elementor-widget-text-editor\" data-id=\"01b6018\" data-element_type=\"widget\" data-widget_type=\"text-editor.default\">\n\t\t\t\t<div class=\"elementor-widget-container\">\n\t\t\t\t\t\t\t\t<div class=\"elementor-text-editor elementor-clearfix\">\n\t\t\t\t<p>Comme vous l&rsquo;avez s\u00fbrement d\u00e9j\u00e0 remarqu\u00e9, le <strong>carrefour de la Trousse<\/strong> (<strong>RD 1006<\/strong>) est rentr\u00e9e dans sa derni\u00e8re phase d&rsquo;am\u00e9nagement. Dans le document ci-dessous, vous verrez les plans et vous aurez un aper\u00e7u de l&rsquo;am\u00e9nagement final du giratoire.<\/p><p><a href=\"https:\/\/mairie-curienne.fr\/wp-content\/uploads\/2020\/07\/affiche_carrefour_de_la_trousse.png\">T\u00e9l\u00e9charger le document informatif<\/a><\/p>\t\t\t\t\t<\/div>\n\t\t\t\t\t\t<\/div>\n\t\t\t\t<\/div>\n\t\t\t\t\t\t<\/div>\n\t\t\t\t\t<\/div>\n\t\t<\/div>\n\t\t\t\t\t\t\t\t<\/div>\n\t\t\t\t\t<\/div>\n\t\t<\/section>\n\t\t\t\t\t\t\t\t\t<\/div>\n\t\t\t<\/div>\n\t\t\t\t\t<\/div>\n\t\t","protected":false},"excerpt":{"rendered":"<p>Comme vous l&rsquo;avez s\u00fbrement d\u00e9j\u00e0 remarqu\u00e9, le carrefour de la Trousse (RD 1006) est rentr\u00e9e dans sa derni\u00e8re phase d&rsquo;am\u00e9nagement. Dans le document ci-dessous, vous verrez les plans et vous aurez un aper\u00e7u de l&rsquo;am\u00e9nagement final du giratoire. T\u00e9l\u00e9charger le document informatif<\/p>\n","protected":false},"author":2,"featured_media":7003,"comment_status":"closed","ping_status":"closed","sticky":false,"template":"","format":"standard","meta":[],"categories":[88],"tags":[],"_links":{"self":[{"href":"https:\/\/mairie-curienne.fr\/index.php\/wp-json\/wp\/v2\/posts\/7002"}],"collection":[{"href":"https:\/\/mairie-curienne.fr\/index.php\/wp-json\/wp\/v2\/posts"}],"about":[{"href":"https:\/\/mairie-curienne.fr\/index.php\/wp-json\/wp\/v2\/types\/post"}],"author":[{"embeddable":true,"href":"https:\/\/mairie-curienne.fr\/index.php\/wp-json\/wp\/v2\/users\/2"}],"replies":[{"embeddable":true,"href":"https:\/\/mairie-curienne.fr\/index.php\/wp-json\/wp\/v2\/comments?post=7002"}],"version-history":[{"count":4,"href":"https:\/\/mairie-curienne.fr\/index.php\/wp-json\/wp\/v2\/posts\/7002\/revisions"}],"predecessor-version":[{"id":7007,"href":"https:\/\/mairie-curienne.fr\/index.php\/wp-json\/wp\/v2\/posts\/7002\/revisions\/7007"}],"wp:featuredmedia":[{"embeddable":true,"href":"https:\/\/mairie-curienne.fr\/index.php\/wp-json\/wp\/v2\/media\/7003"}],"wp:attachment":[{"href":"https:\/\/mairie-curienne.fr\/index.php\/wp-json\/wp\/v2\/media?parent=7002"}],"wp:term":[{"taxonomy":"category","embeddable":true,"href":"https:\/\/mairie-curienne.fr\/index.php\/wp-json\/wp\/v2\/categories?post=7002"},{"taxonomy":"post_tag","embeddable":true,"href":"https:\/\/mairie-curienne.fr\/index.php\/wp-json\/wp\/v2\/tags?post=7002"}],"curies":[{"name":"wp","href":"https:\/\/api.w.org\/{rel}","templated":true}]}}