{"id":6990,"date":"2024-04-01T22:37:38","date_gmt":"2024-04-01T20:37:38","guid":{"rendered":"https:\/\/mairie-curienne.fr\/?p=6990"},"modified":"2024-04-01T22:47:42","modified_gmt":"2024-04-01T20:47:42","slug":"sicsal-programme-davril-2024","status":"publish","type":"post","link":"https:\/\/mairie-curienne.fr\/index.php\/2024\/04\/01\/sicsal-programme-davril-2024\/","title":{"rendered":"SICSAL programme d&rsquo;avril 2024"},"content":{"rendered":"\t\t<div data-elementor-type=\"wp-post\" data-elementor-id=\"6990\" class=\"elementor elementor-6990\">\n\t\t\t\t\t\t<div class=\"elementor-inner\">\n\t\t\t\t<div class=\"elementor-section-wrap\">\n\t\t\t\t\t\t\t\t\t<section class=\"elementor-section elementor-top-section elementor-element elementor-element-4cb5406 elementor-section-boxed elementor-section-height-default elementor-section-height-default\" data-id=\"4cb5406\" data-element_type=\"section\">\n\t\t\t\t\t\t<div class=\"elementor-container elementor-column-gap-default\">\n\t\t\t\t\t\t\t<div class=\"elementor-row\">\n\t\t\t\t\t<div class=\"elementor-column elementor-col-100 elementor-top-column elementor-element elementor-element-b2cef2d\" data-id=\"b2cef2d\" data-element_type=\"column\">\n\t\t\t<div class=\"elementor-column-wrap elementor-element-populated\">\n\t\t\t\t\t\t\t<div class=\"elementor-widget-wrap\">\n\t\t\t\t\t\t<div class=\"elementor-element elementor-element-999d37c elementor-widget elementor-widget-text-editor\" data-id=\"999d37c\" data-element_type=\"widget\" data-widget_type=\"text-editor.default\">\n\t\t\t\t<div class=\"elementor-widget-container\">\n\t\t\t\t\t\t\t\t<div class=\"elementor-text-editor elementor-clearfix\">\n\t\t\t\t<p><strong>Programme vacances de printemps<\/strong><\/p><p>Retrouvez ci-dessous le programme du SICSAL pour les vacances de printemps 2024. Les inscriptions sont ouvertes \u00e0 partir du <strong>mercredi 3 avril 2024<\/strong>.<\/p><p><a href=\"https:\/\/mairie-curienne.fr\/wp-content\/uploads\/2020\/07\/programme_SICSAL_04_2024.pdf\">T\u00e9l\u00e9charger le programme des vacances de printemps<\/a><\/p><p><strong>Stage de v\u00e9lo<\/strong><\/p><p>Des stages de v\u00e9lo sont organiser par le SICSAL. Les dates de l&rsquo;initiation au v\u00e9lo seront organis\u00e9es durant les matin\u00e9es des <strong>22<\/strong>, <strong>23<\/strong> et <strong>24 avril 2024<\/strong>.<\/p><p><a href=\"https:\/\/mairie-curienne.fr\/wp-content\/uploads\/2020\/07\/SICSAL_stage_velo_042024.pdf\">T\u00e9l\u00e9charger le d\u00e9tail des stages de v\u00e9lo<\/a><\/p><p style=\"text-align: right;\"><strong>Le SICSAL<\/strong><\/p>\t\t\t\t\t<\/div>\n\t\t\t\t\t\t<\/div>\n\t\t\t\t<\/div>\n\t\t\t\t\t\t<\/div>\n\t\t\t\t\t<\/div>\n\t\t<\/div>\n\t\t\t\t\t\t\t\t<\/div>\n\t\t\t\t\t<\/div>\n\t\t<\/section>\n\t\t\t\t\t\t\t\t\t<\/div>\n\t\t\t<\/div>\n\t\t\t\t\t<\/div>\n\t\t","protected":false},"excerpt":{"rendered":"<p>Programme vacances de printemps Retrouvez ci-dessous le programme du SICSAL pour les vacances de printemps 2024. Les inscriptions sont ouvertes \u00e0 partir du mercredi 3 avril 2024. T\u00e9l\u00e9charger le programme des vacances de printemps Stage de v\u00e9lo Des stages de v\u00e9lo sont organiser par le SICSAL. Les dates de l&rsquo;initiation au v\u00e9lo seront organis\u00e9es durant [&hellip;]<\/p>\n","protected":false},"author":2,"featured_media":6992,"comment_status":"closed","ping_status":"closed","sticky":false,"template":"","format":"standard","meta":[],"categories":[88,89],"tags":[],"_links":{"self":[{"href":"https:\/\/mairie-curienne.fr\/index.php\/wp-json\/wp\/v2\/posts\/6990"}],"collection":[{"href":"https:\/\/mairie-curienne.fr\/index.php\/wp-json\/wp\/v2\/posts"}],"about":[{"href":"https:\/\/mairie-curienne.fr\/index.php\/wp-json\/wp\/v2\/types\/post"}],"author":[{"embeddable":true,"href":"https:\/\/mairie-curienne.fr\/index.php\/wp-json\/wp\/v2\/users\/2"}],"replies":[{"embeddable":true,"href":"https:\/\/mairie-curienne.fr\/index.php\/wp-json\/wp\/v2\/comments?post=6990"}],"version-history":[{"count":8,"href":"https:\/\/mairie-curienne.fr\/index.php\/wp-json\/wp\/v2\/posts\/6990\/revisions"}],"predecessor-version":[{"id":7209,"href":"https:\/\/mairie-curienne.fr\/index.php\/wp-json\/wp\/v2\/posts\/6990\/revisions\/7209"}],"wp:featuredmedia":[{"embeddable":true,"href":"https:\/\/mairie-curienne.fr\/index.php\/wp-json\/wp\/v2\/media\/6992"}],"wp:attachment":[{"href":"https:\/\/mairie-curienne.fr\/index.php\/wp-json\/wp\/v2\/media?parent=6990"}],"wp:term":[{"taxonomy":"category","embeddable":true,"href":"https:\/\/mairie-curienne.fr\/index.php\/wp-json\/wp\/v2\/categories?post=6990"},{"taxonomy":"post_tag","embeddable":true,"href":"https:\/\/mairie-curienne.fr\/index.php\/wp-json\/wp\/v2\/tags?post=6990"}],"curies":[{"name":"wp","href":"https:\/\/api.w.org\/{rel}","templated":true}]}}