{"id":6963,"date":"2024-03-13T23:10:21","date_gmt":"2024-03-13T22:10:21","guid":{"rendered":"https:\/\/mairie-curienne.fr\/?p=6963"},"modified":"2024-03-13T23:10:45","modified_gmt":"2024-03-13T22:10:45","slug":"ateliers-pour-prevenir-le-harcelement-scolaire","status":"publish","type":"post","link":"https:\/\/mairie-curienne.fr\/index.php\/2024\/03\/13\/ateliers-pour-prevenir-le-harcelement-scolaire\/","title":{"rendered":"Ateliers pour pr\u00e9venir le harc\u00e8lement scolaire"},"content":{"rendered":"\t\t<div data-elementor-type=\"wp-post\" data-elementor-id=\"6963\" class=\"elementor elementor-6963\">\n\t\t\t\t\t\t<div class=\"elementor-inner\">\n\t\t\t\t<div class=\"elementor-section-wrap\">\n\t\t\t\t\t\t\t\t\t<section class=\"elementor-section elementor-top-section elementor-element elementor-element-f44888c elementor-section-boxed elementor-section-height-default elementor-section-height-default\" data-id=\"f44888c\" data-element_type=\"section\">\n\t\t\t\t\t\t<div class=\"elementor-container elementor-column-gap-default\">\n\t\t\t\t\t\t\t<div class=\"elementor-row\">\n\t\t\t\t\t<div class=\"elementor-column elementor-col-100 elementor-top-column elementor-element elementor-element-b516281\" data-id=\"b516281\" data-element_type=\"column\">\n\t\t\t<div class=\"elementor-column-wrap elementor-element-populated\">\n\t\t\t\t\t\t\t<div class=\"elementor-widget-wrap\">\n\t\t\t\t\t\t<div class=\"elementor-element elementor-element-5e4974b elementor-widget elementor-widget-text-editor\" data-id=\"5e4974b\" data-element_type=\"widget\" data-widget_type=\"text-editor.default\">\n\t\t\t\t<div class=\"elementor-widget-container\">\n\t\t\t\t\t\t\t\t<div class=\"elementor-text-editor elementor-clearfix\">\n\t\t\t\t<p>Le <strong>mardi 19 mars 2024<\/strong>, \u00e0 <strong>20h<\/strong>, \u00e0 la salle Mag\u00e9riaz de Thoiry, d\u00e9butera un cycle d\u2019information sur le harc\u00e8lement scolaire s\u2019adressant aux parents, aux adolescents et aux professionnels (enseignants, animateurs socio-\u00e9ducatifs, assistants de vie scolaire, \u2026).<\/p><p><a href=\"https:\/\/mairie-curienne.fr\/wp-content\/uploads\/2020\/07\/flyer_harcelement_scolaire.pdf\">T\u00e9l\u00e9charger le document d&rsquo;information<\/a><\/p><p>Les prochaines dates sur le plateau de la Leysse :<\/p><ul><li><strong>Mardi 19 mars 2024<\/strong> : \u00ab\u00a0Harc\u00e8lement scolaire\u2026 En parler pour le pr\u00e9venir !\u00a0\u00bb<br \/>20h \u2013Salle Mag\u00e9riaz (mairie) de Thoiry &#8211; Atelier participatif (dur\u00e9e 2h) &#8211; Coanim\u00e9 par le CREFE &amp; le SICSAL<\/li><li><strong>Vendredi 5 avril 2024<\/strong> : \u00ab\u00a0Objectif s\u00e9r\u00e9nit\u00e9\u2026 M\u00e9thode de la pr\u00e9occupation partag\u00e9e !\u00a0\u00bb<br \/><strong>20h<\/strong> \u00e0 la salle des f\u00eates de La Thuile &#8211; Partage d\u2019exp\u00e9rience et T\u00e9moignage (dur\u00e9e <strong>2h<\/strong>) &#8211; Coanim\u00e9 par le CREFE, le SICSAL &amp; G\u00e9raldine REINE formatrice pHARe \u00e0 l\u2019\u00c9ducation Nationale<\/li><li><strong>Mardi 30 avril 2024<\/strong> : \u00ab\u00a0Cyberharc\u00e8lement, r\u00e9seaux sociaux\u2026 Qu\u2019en pense nos ados !\u00a0\u00bb<br \/><strong>20h<\/strong> \u00e0 la salle polyvalente de Puygros &#8211; Atelier participatif (dur\u00e9e <strong>2h<\/strong>) &#8211; Coanim\u00e9 par le CREFE &amp; le SICSAL<\/li><li><strong>Samedi 25 mai 2024<\/strong> : \u00ab\u00a0Bilan d\u2019un cycle\u2026 Pour un avenir serein !\u00a0\u00bb<br \/><strong>10h<\/strong> \u00e0 la Salle des f\u00eates de Curienne &#8211; Th\u00e9\u00e2tre forum (dur\u00e9e <strong>2h<\/strong>) &#8211; Coanim\u00e9 par le CREFE, le SICSAL, PDG &amp; Compagnie &#8211; la ligue d\u2019improvisation de Savoie<\/li><\/ul><p style=\"text-align: right;\"><strong>Le SICSAL<\/strong><\/p>\t\t\t\t\t<\/div>\n\t\t\t\t\t\t<\/div>\n\t\t\t\t<\/div>\n\t\t\t\t\t\t<\/div>\n\t\t\t\t\t<\/div>\n\t\t<\/div>\n\t\t\t\t\t\t\t\t<\/div>\n\t\t\t\t\t<\/div>\n\t\t<\/section>\n\t\t\t\t\t\t\t\t\t<\/div>\n\t\t\t<\/div>\n\t\t\t\t\t<\/div>\n\t\t","protected":false},"excerpt":{"rendered":"<p>Le mardi 19 mars 2024, \u00e0 20h, \u00e0 la salle Mag\u00e9riaz de Thoiry, d\u00e9butera un cycle d\u2019information sur le harc\u00e8lement scolaire s\u2019adressant aux parents, aux adolescents et aux professionnels (enseignants, animateurs socio-\u00e9ducatifs, assistants de vie scolaire, \u2026). T\u00e9l\u00e9charger le document d&rsquo;information Les prochaines dates sur le plateau de la Leysse : Mardi 19 mars 2024 [&hellip;]<\/p>\n","protected":false},"author":2,"featured_media":6964,"comment_status":"closed","ping_status":"closed","sticky":false,"template":"","format":"standard","meta":[],"categories":[88,89,90],"tags":[],"_links":{"self":[{"href":"https:\/\/mairie-curienne.fr\/index.php\/wp-json\/wp\/v2\/posts\/6963"}],"collection":[{"href":"https:\/\/mairie-curienne.fr\/index.php\/wp-json\/wp\/v2\/posts"}],"about":[{"href":"https:\/\/mairie-curienne.fr\/index.php\/wp-json\/wp\/v2\/types\/post"}],"author":[{"embeddable":true,"href":"https:\/\/mairie-curienne.fr\/index.php\/wp-json\/wp\/v2\/users\/2"}],"replies":[{"embeddable":true,"href":"https:\/\/mairie-curienne.fr\/index.php\/wp-json\/wp\/v2\/comments?post=6963"}],"version-history":[{"count":11,"href":"https:\/\/mairie-curienne.fr\/index.php\/wp-json\/wp\/v2\/posts\/6963\/revisions"}],"predecessor-version":[{"id":6976,"href":"https:\/\/mairie-curienne.fr\/index.php\/wp-json\/wp\/v2\/posts\/6963\/revisions\/6976"}],"wp:featuredmedia":[{"embeddable":true,"href":"https:\/\/mairie-curienne.fr\/index.php\/wp-json\/wp\/v2\/media\/6964"}],"wp:attachment":[{"href":"https:\/\/mairie-curienne.fr\/index.php\/wp-json\/wp\/v2\/media?parent=6963"}],"wp:term":[{"taxonomy":"category","embeddable":true,"href":"https:\/\/mairie-curienne.fr\/index.php\/wp-json\/wp\/v2\/categories?post=6963"},{"taxonomy":"post_tag","embeddable":true,"href":"https:\/\/mairie-curienne.fr\/index.php\/wp-json\/wp\/v2\/tags?post=6963"}],"curies":[{"name":"wp","href":"https:\/\/api.w.org\/{rel}","templated":true}]}}