{"id":6900,"date":"2024-02-10T18:25:14","date_gmt":"2024-02-10T17:25:14","guid":{"rendered":"https:\/\/mairie-curienne.fr\/?p=6900"},"modified":"2024-02-10T18:30:05","modified_gmt":"2024-02-10T17:30:05","slug":"informations-relais-petite-enfance","status":"publish","type":"post","link":"https:\/\/mairie-curienne.fr\/index.php\/2024\/02\/10\/informations-relais-petite-enfance\/","title":{"rendered":"Informations Relais Petite Enfance"},"content":{"rendered":"\t\t<div data-elementor-type=\"wp-post\" data-elementor-id=\"6900\" class=\"elementor elementor-6900\">\n\t\t\t\t\t\t<div class=\"elementor-inner\">\n\t\t\t\t<div class=\"elementor-section-wrap\">\n\t\t\t\t\t\t\t\t\t<section class=\"elementor-section elementor-top-section elementor-element elementor-element-8889962 elementor-section-boxed elementor-section-height-default elementor-section-height-default\" data-id=\"8889962\" data-element_type=\"section\">\n\t\t\t\t\t\t<div class=\"elementor-container elementor-column-gap-default\">\n\t\t\t\t\t\t\t<div class=\"elementor-row\">\n\t\t\t\t\t<div class=\"elementor-column elementor-col-100 elementor-top-column elementor-element elementor-element-40125a9\" data-id=\"40125a9\" data-element_type=\"column\">\n\t\t\t<div class=\"elementor-column-wrap elementor-element-populated\">\n\t\t\t\t\t\t\t<div class=\"elementor-widget-wrap\">\n\t\t\t\t\t\t<div class=\"elementor-element elementor-element-618416c elementor-widget elementor-widget-heading\" data-id=\"618416c\" data-element_type=\"widget\" data-widget_type=\"heading.default\">\n\t\t\t\t<div class=\"elementor-widget-container\">\n\t\t\t<h2 class=\"elementor-heading-title elementor-size-default\">Les missions du relais<\/h2>\t\t<\/div>\n\t\t\t\t<\/div>\n\t\t\t\t<div class=\"elementor-element elementor-element-bd1eede elementor-widget elementor-widget-text-editor\" data-id=\"bd1eede\" data-element_type=\"widget\" data-widget_type=\"text-editor.default\">\n\t\t\t\t<div class=\"elementor-widget-container\">\n\t\t\t\t\t\t\t\t<div class=\"elementor-text-editor elementor-clearfix\">\n\t\t\t\t<p><strong>Information<\/strong><\/p><p>Des permanences d\u2019accueil et t\u00e9l\u00e9phoniques pour les parents et les professionnels (assistants maternels et gardes \u00e0 domicile).<\/p><p><strong>Animation<\/strong><\/p><p>Des ateliers d\u2019\u00e9veil et de d\u00e9couverte pour les enfants accompagn\u00e9s par leur assistant maternel ou leur garde \u00e0 domicile sur les communes de Barby, Bassens, Saint-Alban Leysse, Saint-Jean-d\u2019Arvey, Thoiry et Curienne.<\/p><p>Pour plus d&rsquo;informations : <a href=\"https:\/\/mairie-curienne.fr\/wp-content\/uploads\/2020\/07\/RAM_2024.pdf\">T\u00e9l\u00e9charger le document d\u00e9taill\u00e9<\/a><\/p>\t\t\t\t\t<\/div>\n\t\t\t\t\t\t<\/div>\n\t\t\t\t<\/div>\n\t\t\t\t<div class=\"elementor-element elementor-element-4bb1ad5 elementor-widget elementor-widget-heading\" data-id=\"4bb1ad5\" data-element_type=\"widget\" data-widget_type=\"heading.default\">\n\t\t\t\t<div class=\"elementor-widget-container\">\n\t\t\t<h2 class=\"elementor-heading-title elementor-size-default\">Permanences<\/h2>\t\t<\/div>\n\t\t\t\t<\/div>\n\t\t\t\t<div class=\"elementor-element elementor-element-ad0de91 elementor-widget elementor-widget-text-editor\" data-id=\"ad0de91\" data-element_type=\"widget\" data-widget_type=\"text-editor.default\">\n\t\t\t\t<div class=\"elementor-widget-container\">\n\t\t\t\t\t\t\t\t<div class=\"elementor-text-editor elementor-clearfix\">\n\t\t\t\t<p><strong>SAINT-ALBAN-LEYSSE<\/strong><\/p><ul><li>Le <strong>lundi<\/strong> apr\u00e8s-midi de 15h \u00e0 18h<\/li><li>Le <strong>vendredi<\/strong> matin de 8h30 \u00e0 12h<\/li><li>Le <strong>1er<\/strong> et le <strong>3e mercredi<\/strong> du mois<br \/>de 9h \u00e0 12h sur rendez-vous uniquement<\/li><\/ul><p><strong>BARBY<\/strong><\/p><ul><li>Le <strong>2e jeudi<\/strong> du mois de 14h30 \u00e0 17h30 <br \/>et sur rendez-vous jusqu\u2019\u00e0 18h si besoin<br \/>(de 8h30 \u00e0 11h30 en juillet-ao\u00fbt) <br \/>Clos Gaillard \u00ab les quatre Saisons \u00bb<\/li><li>Le <strong>4e jeudi<\/strong> du mois de 14h30 \u00e0 17h30<br \/>(de 9h \u00e0 11h30 en juillet-ao\u00fbt) <br \/>Au caf\u00e9 associatif au Bonheur d\u2019une Pause<\/li><\/ul><p><strong>BASSENS<\/strong><\/p><ul><li>Le <strong>1er<\/strong> et le <strong>3e mercredi<\/strong> du mois<br \/>80 rue Arthur Haulotte<\/li><\/ul>\t\t\t\t\t<\/div>\n\t\t\t\t\t\t<\/div>\n\t\t\t\t<\/div>\n\t\t\t\t\t\t<\/div>\n\t\t\t\t\t<\/div>\n\t\t<\/div>\n\t\t\t\t\t\t\t\t<\/div>\n\t\t\t\t\t<\/div>\n\t\t<\/section>\n\t\t\t\t\t\t\t\t\t<\/div>\n\t\t\t<\/div>\n\t\t\t\t\t<\/div>\n\t\t","protected":false},"excerpt":{"rendered":"<p>Les missions du relais Information Des permanences d\u2019accueil et t\u00e9l\u00e9phoniques pour les parents et les professionnels (assistants maternels et gardes \u00e0 domicile). Animation Des ateliers d\u2019\u00e9veil et de d\u00e9couverte pour les enfants accompagn\u00e9s par leur assistant maternel ou leur garde \u00e0 domicile sur les communes de Barby, Bassens, Saint-Alban Leysse, Saint-Jean-d\u2019Arvey, Thoiry et Curienne. Pour [&hellip;]<\/p>\n","protected":false},"author":2,"featured_media":6899,"comment_status":"closed","ping_status":"closed","sticky":false,"template":"","format":"standard","meta":[],"categories":[88,89],"tags":[],"_links":{"self":[{"href":"https:\/\/mairie-curienne.fr\/index.php\/wp-json\/wp\/v2\/posts\/6900"}],"collection":[{"href":"https:\/\/mairie-curienne.fr\/index.php\/wp-json\/wp\/v2\/posts"}],"about":[{"href":"https:\/\/mairie-curienne.fr\/index.php\/wp-json\/wp\/v2\/types\/post"}],"author":[{"embeddable":true,"href":"https:\/\/mairie-curienne.fr\/index.php\/wp-json\/wp\/v2\/users\/2"}],"replies":[{"embeddable":true,"href":"https:\/\/mairie-curienne.fr\/index.php\/wp-json\/wp\/v2\/comments?post=6900"}],"version-history":[{"count":4,"href":"https:\/\/mairie-curienne.fr\/index.php\/wp-json\/wp\/v2\/posts\/6900\/revisions"}],"predecessor-version":[{"id":6904,"href":"https:\/\/mairie-curienne.fr\/index.php\/wp-json\/wp\/v2\/posts\/6900\/revisions\/6904"}],"wp:featuredmedia":[{"embeddable":true,"href":"https:\/\/mairie-curienne.fr\/index.php\/wp-json\/wp\/v2\/media\/6899"}],"wp:attachment":[{"href":"https:\/\/mairie-curienne.fr\/index.php\/wp-json\/wp\/v2\/media?parent=6900"}],"wp:term":[{"taxonomy":"category","embeddable":true,"href":"https:\/\/mairie-curienne.fr\/index.php\/wp-json\/wp\/v2\/categories?post=6900"},{"taxonomy":"post_tag","embeddable":true,"href":"https:\/\/mairie-curienne.fr\/index.php\/wp-json\/wp\/v2\/tags?post=6900"}],"curies":[{"name":"wp","href":"https:\/\/api.w.org\/{rel}","templated":true}]}}