{"id":6895,"date":"2024-02-10T18:41:21","date_gmt":"2024-02-10T17:41:21","guid":{"rendered":"https:\/\/mairie-curienne.fr\/?p=6895"},"modified":"2024-02-10T18:41:24","modified_gmt":"2024-02-10T17:41:24","slug":"sicsal-vacances-dhiver-2024","status":"publish","type":"post","link":"https:\/\/mairie-curienne.fr\/index.php\/2024\/02\/10\/sicsal-vacances-dhiver-2024\/","title":{"rendered":"SICSAL vacances d&rsquo;hiver 2024"},"content":{"rendered":"\t\t<div data-elementor-type=\"wp-post\" data-elementor-id=\"6895\" class=\"elementor elementor-6895\">\n\t\t\t\t\t\t<div class=\"elementor-inner\">\n\t\t\t\t<div class=\"elementor-section-wrap\">\n\t\t\t\t\t\t\t\t\t<section class=\"elementor-section elementor-top-section elementor-element elementor-element-d1a5192 elementor-section-boxed elementor-section-height-default elementor-section-height-default\" data-id=\"d1a5192\" data-element_type=\"section\">\n\t\t\t\t\t\t<div class=\"elementor-container elementor-column-gap-default\">\n\t\t\t\t\t\t\t<div class=\"elementor-row\">\n\t\t\t\t\t<div class=\"elementor-column elementor-col-100 elementor-top-column elementor-element elementor-element-c903b49\" data-id=\"c903b49\" data-element_type=\"column\">\n\t\t\t<div class=\"elementor-column-wrap elementor-element-populated\">\n\t\t\t\t\t\t\t<div class=\"elementor-widget-wrap\">\n\t\t\t\t\t\t<div class=\"elementor-element elementor-element-224161b elementor-widget elementor-widget-text-editor\" data-id=\"224161b\" data-element_type=\"widget\" data-widget_type=\"text-editor.default\">\n\t\t\t\t<div class=\"elementor-widget-container\">\n\t\t\t\t\t\t\t\t<div class=\"elementor-text-editor elementor-clearfix\">\n\t\t\t\t<p>Les vacances d&rsquo;hiver sont bient\u00f4t l\u00e0 !<\/p><p>Retrouvez ci-dessous les diff\u00e9rents programmes pour les vacances de f\u00e9vrier du SICSAL.<\/p><ul><li>Barby centre de loisirs Les Mouettes (du 19\/02 au 01\/03) : <a href=\"https:\/\/mairie-curienne.fr\/wp-content\/uploads\/2020\/07\/vacances_hiver_2024_Barby.pdf\">T\u00e9l\u00e9charger le programme<\/a><\/li><li>Activ&rsquo;Jeunes SICAL : <a href=\"https:\/\/mairie-curienne.fr\/wp-content\/uploads\/2020\/07\/Programme_Fevrier_2024.pdf\">T\u00e9l\u00e9charger le programme<\/a><\/li><\/ul>\t\t\t\t\t<\/div>\n\t\t\t\t\t\t<\/div>\n\t\t\t\t<\/div>\n\t\t\t\t\t\t<\/div>\n\t\t\t\t\t<\/div>\n\t\t<\/div>\n\t\t\t\t\t\t\t\t<\/div>\n\t\t\t\t\t<\/div>\n\t\t<\/section>\n\t\t\t\t\t\t\t\t\t<\/div>\n\t\t\t<\/div>\n\t\t\t\t\t<\/div>\n\t\t","protected":false},"excerpt":{"rendered":"<p>Les vacances d&rsquo;hiver sont bient\u00f4t l\u00e0 ! Retrouvez ci-dessous les diff\u00e9rents programmes pour les vacances de f\u00e9vrier du SICSAL. Barby centre de loisirs Les Mouettes (du 19\/02 au 01\/03) : T\u00e9l\u00e9charger le programme Activ&rsquo;Jeunes SICAL : T\u00e9l\u00e9charger le programme<\/p>\n","protected":false},"author":2,"featured_media":6905,"comment_status":"closed","ping_status":"closed","sticky":false,"template":"","format":"standard","meta":[],"categories":[88,89],"tags":[],"_links":{"self":[{"href":"https:\/\/mairie-curienne.fr\/index.php\/wp-json\/wp\/v2\/posts\/6895"}],"collection":[{"href":"https:\/\/mairie-curienne.fr\/index.php\/wp-json\/wp\/v2\/posts"}],"about":[{"href":"https:\/\/mairie-curienne.fr\/index.php\/wp-json\/wp\/v2\/types\/post"}],"author":[{"embeddable":true,"href":"https:\/\/mairie-curienne.fr\/index.php\/wp-json\/wp\/v2\/users\/2"}],"replies":[{"embeddable":true,"href":"https:\/\/mairie-curienne.fr\/index.php\/wp-json\/wp\/v2\/comments?post=6895"}],"version-history":[{"count":5,"href":"https:\/\/mairie-curienne.fr\/index.php\/wp-json\/wp\/v2\/posts\/6895\/revisions"}],"predecessor-version":[{"id":6909,"href":"https:\/\/mairie-curienne.fr\/index.php\/wp-json\/wp\/v2\/posts\/6895\/revisions\/6909"}],"wp:featuredmedia":[{"embeddable":true,"href":"https:\/\/mairie-curienne.fr\/index.php\/wp-json\/wp\/v2\/media\/6905"}],"wp:attachment":[{"href":"https:\/\/mairie-curienne.fr\/index.php\/wp-json\/wp\/v2\/media?parent=6895"}],"wp:term":[{"taxonomy":"category","embeddable":true,"href":"https:\/\/mairie-curienne.fr\/index.php\/wp-json\/wp\/v2\/categories?post=6895"},{"taxonomy":"post_tag","embeddable":true,"href":"https:\/\/mairie-curienne.fr\/index.php\/wp-json\/wp\/v2\/tags?post=6895"}],"curies":[{"name":"wp","href":"https:\/\/api.w.org\/{rel}","templated":true}]}}