{"id":6876,"date":"2024-01-27T23:06:17","date_gmt":"2024-01-27T22:06:17","guid":{"rendered":"https:\/\/mairie-curienne.fr\/?p=6876"},"modified":"2024-01-27T23:09:21","modified_gmt":"2024-01-27T22:09:21","slug":"mardi-30-janvier-presentation-de-la-micro-creche","status":"publish","type":"post","link":"https:\/\/mairie-curienne.fr\/index.php\/2024\/01\/27\/mardi-30-janvier-presentation-de-la-micro-creche\/","title":{"rendered":"Mardi 30 janvier pr\u00e9sentation de la micro-cr\u00e8che"},"content":{"rendered":"\t\t<div data-elementor-type=\"wp-post\" data-elementor-id=\"6876\" class=\"elementor elementor-6876\">\n\t\t\t\t\t\t<div class=\"elementor-inner\">\n\t\t\t\t<div class=\"elementor-section-wrap\">\n\t\t\t\t\t\t\t\t\t<section class=\"elementor-section elementor-top-section elementor-element elementor-element-1a54c73 elementor-section-boxed elementor-section-height-default elementor-section-height-default\" data-id=\"1a54c73\" data-element_type=\"section\">\n\t\t\t\t\t\t<div class=\"elementor-container elementor-column-gap-default\">\n\t\t\t\t\t\t\t<div class=\"elementor-row\">\n\t\t\t\t\t<div class=\"elementor-column elementor-col-100 elementor-top-column elementor-element elementor-element-0d33d6b\" data-id=\"0d33d6b\" data-element_type=\"column\">\n\t\t\t<div class=\"elementor-column-wrap elementor-element-populated\">\n\t\t\t\t\t\t\t<div class=\"elementor-widget-wrap\">\n\t\t\t\t\t\t<div class=\"elementor-element elementor-element-31e2410 elementor-widget elementor-widget-text-editor\" data-id=\"31e2410\" data-element_type=\"widget\" data-widget_type=\"text-editor.default\">\n\t\t\t\t<div class=\"elementor-widget-container\">\n\t\t\t\t\t\t\t\t<div class=\"elementor-text-editor elementor-clearfix\">\n\t\t\t\t<p>Le <strong>mardi 30 janvier 2024<\/strong> \u00e0 <strong>19h<\/strong> \u00e0 la salle des f\u00eates de Puygros, nous vous pr\u00e9senterons le fonctionnement d&rsquo;une cr\u00e8che associative ainsi que les modalit\u00e9s d&rsquo;acc\u00e8s pour vous et vos enfant.<\/p><p style=\"text-align: right;\"><strong>La micro-cr\u00e8che associative : Les Petits Explorateurs<\/strong><\/p>\t\t\t\t\t<\/div>\n\t\t\t\t\t\t<\/div>\n\t\t\t\t<\/div>\n\t\t\t\t\t\t<\/div>\n\t\t\t\t\t<\/div>\n\t\t<\/div>\n\t\t\t\t\t\t\t\t<\/div>\n\t\t\t\t\t<\/div>\n\t\t<\/section>\n\t\t\t\t\t\t\t\t\t<\/div>\n\t\t\t<\/div>\n\t\t\t\t\t<\/div>\n\t\t","protected":false},"excerpt":{"rendered":"<p>Le mardi 30 janvier 2024 \u00e0 19h \u00e0 la salle des f\u00eates de Puygros, nous vous pr\u00e9senterons le fonctionnement d&rsquo;une cr\u00e8che associative ainsi que les modalit\u00e9s d&rsquo;acc\u00e8s pour vous et vos enfant. La micro-cr\u00e8che associative : Les Petits Explorateurs<\/p>\n","protected":false},"author":2,"featured_media":6875,"comment_status":"closed","ping_status":"closed","sticky":false,"template":"","format":"standard","meta":[],"categories":[88,90,91],"tags":[],"_links":{"self":[{"href":"https:\/\/mairie-curienne.fr\/index.php\/wp-json\/wp\/v2\/posts\/6876"}],"collection":[{"href":"https:\/\/mairie-curienne.fr\/index.php\/wp-json\/wp\/v2\/posts"}],"about":[{"href":"https:\/\/mairie-curienne.fr\/index.php\/wp-json\/wp\/v2\/types\/post"}],"author":[{"embeddable":true,"href":"https:\/\/mairie-curienne.fr\/index.php\/wp-json\/wp\/v2\/users\/2"}],"replies":[{"embeddable":true,"href":"https:\/\/mairie-curienne.fr\/index.php\/wp-json\/wp\/v2\/comments?post=6876"}],"version-history":[{"count":4,"href":"https:\/\/mairie-curienne.fr\/index.php\/wp-json\/wp\/v2\/posts\/6876\/revisions"}],"predecessor-version":[{"id":6880,"href":"https:\/\/mairie-curienne.fr\/index.php\/wp-json\/wp\/v2\/posts\/6876\/revisions\/6880"}],"wp:featuredmedia":[{"embeddable":true,"href":"https:\/\/mairie-curienne.fr\/index.php\/wp-json\/wp\/v2\/media\/6875"}],"wp:attachment":[{"href":"https:\/\/mairie-curienne.fr\/index.php\/wp-json\/wp\/v2\/media?parent=6876"}],"wp:term":[{"taxonomy":"category","embeddable":true,"href":"https:\/\/mairie-curienne.fr\/index.php\/wp-json\/wp\/v2\/categories?post=6876"},{"taxonomy":"post_tag","embeddable":true,"href":"https:\/\/mairie-curienne.fr\/index.php\/wp-json\/wp\/v2\/tags?post=6876"}],"curies":[{"name":"wp","href":"https:\/\/api.w.org\/{rel}","templated":true}]}}