{"id":6844,"date":"2024-01-14T21:41:37","date_gmt":"2024-01-14T20:41:37","guid":{"rendered":"https:\/\/mairie-curienne.fr\/?p=6844"},"modified":"2024-01-14T21:43:27","modified_gmt":"2024-01-14T20:43:27","slug":"voeux-de-la-municipalite-2","status":"publish","type":"post","link":"https:\/\/mairie-curienne.fr\/index.php\/2024\/01\/14\/voeux-de-la-municipalite-2\/","title":{"rendered":"V\u0153ux de la municipalit\u00e9"},"content":{"rendered":"\t\t<div data-elementor-type=\"wp-post\" data-elementor-id=\"6844\" class=\"elementor elementor-6844\">\n\t\t\t\t\t\t<div class=\"elementor-inner\">\n\t\t\t\t<div class=\"elementor-section-wrap\">\n\t\t\t\t\t\t\t\t\t<section class=\"elementor-section elementor-top-section elementor-element elementor-element-728d09d elementor-section-boxed elementor-section-height-default elementor-section-height-default\" data-id=\"728d09d\" data-element_type=\"section\">\n\t\t\t\t\t\t<div class=\"elementor-container elementor-column-gap-default\">\n\t\t\t\t\t\t\t<div class=\"elementor-row\">\n\t\t\t\t\t<div class=\"elementor-column elementor-col-100 elementor-top-column elementor-element elementor-element-0bf37c7\" data-id=\"0bf37c7\" data-element_type=\"column\">\n\t\t\t<div class=\"elementor-column-wrap elementor-element-populated\">\n\t\t\t\t\t\t\t<div class=\"elementor-widget-wrap\">\n\t\t\t\t\t\t<div class=\"elementor-element elementor-element-523f67a elementor-widget elementor-widget-text-editor\" data-id=\"523f67a\" data-element_type=\"widget\" data-widget_type=\"text-editor.default\">\n\t\t\t\t<div class=\"elementor-widget-container\">\n\t\t\t\t\t\t\t\t<div class=\"elementor-text-editor elementor-clearfix\">\n\t\t\t\t<p>En ce d\u00e9but d&rsquo;ann\u00e9e, le maire et toute son \u00e9quipe vous souhaite une bonne ann\u00e9e 2024 !<\/p><p>La c\u00e9r\u00e9monie traditionnelle des v\u0153ux aura lieu le <strong>dimanche 21 janvier \u00e0 11h<\/strong> \u00e0 la salle polyvalente de Curienne, ce sera l&rsquo;occasion d&rsquo;\u00e9changer et de pr\u00e9senter les diff\u00e9rents projets \u00e0 venir autour du traditionnel \u00ab\u00a0pot de la nouvelle ann\u00e9e\u00a0\u00bb.<\/p><p style=\"text-align: right;\"><strong>La municipalit\u00e9<\/strong><\/p>\t\t\t\t\t<\/div>\n\t\t\t\t\t\t<\/div>\n\t\t\t\t<\/div>\n\t\t\t\t\t\t<\/div>\n\t\t\t\t\t<\/div>\n\t\t<\/div>\n\t\t\t\t\t\t\t\t<\/div>\n\t\t\t\t\t<\/div>\n\t\t<\/section>\n\t\t\t\t\t\t\t\t\t<\/div>\n\t\t\t<\/div>\n\t\t\t\t\t<\/div>\n\t\t","protected":false},"excerpt":{"rendered":"<p>En ce d\u00e9but d&rsquo;ann\u00e9e, le maire et toute son \u00e9quipe vous souhaite une bonne ann\u00e9e 2024 ! La c\u00e9r\u00e9monie traditionnelle des v\u0153ux aura lieu le dimanche 21 janvier \u00e0 11h \u00e0 la salle polyvalente de Curienne, ce sera l&rsquo;occasion d&rsquo;\u00e9changer et de pr\u00e9senter les diff\u00e9rents projets \u00e0 venir autour du traditionnel \u00ab\u00a0pot de la nouvelle [&hellip;]<\/p>\n","protected":false},"author":2,"featured_media":6392,"comment_status":"closed","ping_status":"closed","sticky":false,"template":"","format":"standard","meta":[],"categories":[88,91],"tags":[],"_links":{"self":[{"href":"https:\/\/mairie-curienne.fr\/index.php\/wp-json\/wp\/v2\/posts\/6844"}],"collection":[{"href":"https:\/\/mairie-curienne.fr\/index.php\/wp-json\/wp\/v2\/posts"}],"about":[{"href":"https:\/\/mairie-curienne.fr\/index.php\/wp-json\/wp\/v2\/types\/post"}],"author":[{"embeddable":true,"href":"https:\/\/mairie-curienne.fr\/index.php\/wp-json\/wp\/v2\/users\/2"}],"replies":[{"embeddable":true,"href":"https:\/\/mairie-curienne.fr\/index.php\/wp-json\/wp\/v2\/comments?post=6844"}],"version-history":[{"count":4,"href":"https:\/\/mairie-curienne.fr\/index.php\/wp-json\/wp\/v2\/posts\/6844\/revisions"}],"predecessor-version":[{"id":6849,"href":"https:\/\/mairie-curienne.fr\/index.php\/wp-json\/wp\/v2\/posts\/6844\/revisions\/6849"}],"wp:featuredmedia":[{"embeddable":true,"href":"https:\/\/mairie-curienne.fr\/index.php\/wp-json\/wp\/v2\/media\/6392"}],"wp:attachment":[{"href":"https:\/\/mairie-curienne.fr\/index.php\/wp-json\/wp\/v2\/media?parent=6844"}],"wp:term":[{"taxonomy":"category","embeddable":true,"href":"https:\/\/mairie-curienne.fr\/index.php\/wp-json\/wp\/v2\/categories?post=6844"},{"taxonomy":"post_tag","embeddable":true,"href":"https:\/\/mairie-curienne.fr\/index.php\/wp-json\/wp\/v2\/tags?post=6844"}],"curies":[{"name":"wp","href":"https:\/\/api.w.org\/{rel}","templated":true}]}}