{"id":6835,"date":"2024-01-14T21:34:08","date_gmt":"2024-01-14T20:34:08","guid":{"rendered":"https:\/\/mairie-curienne.fr\/?p=6835"},"modified":"2024-01-14T21:39:23","modified_gmt":"2024-01-14T20:39:23","slug":"cine-concert-avec-lorchestre-onde-notes-le-10-fevrier","status":"publish","type":"post","link":"https:\/\/mairie-curienne.fr\/index.php\/2024\/01\/14\/cine-concert-avec-lorchestre-onde-notes-le-10-fevrier\/","title":{"rendered":"Cin\u00e9 concert avec l&rsquo;orchestre Onde &#038; Notes le 10 f\u00e9vrier"},"content":{"rendered":"\t\t<div data-elementor-type=\"wp-post\" data-elementor-id=\"6835\" class=\"elementor elementor-6835\">\n\t\t\t\t\t\t<div class=\"elementor-inner\">\n\t\t\t\t<div class=\"elementor-section-wrap\">\n\t\t\t\t\t\t\t\t\t<section class=\"elementor-section elementor-top-section elementor-element elementor-element-632020d elementor-section-boxed elementor-section-height-default elementor-section-height-default\" data-id=\"632020d\" data-element_type=\"section\">\n\t\t\t\t\t\t<div class=\"elementor-container elementor-column-gap-default\">\n\t\t\t\t\t\t\t<div class=\"elementor-row\">\n\t\t\t\t\t<div class=\"elementor-column elementor-col-100 elementor-top-column elementor-element elementor-element-26c1553\" data-id=\"26c1553\" data-element_type=\"column\">\n\t\t\t<div class=\"elementor-column-wrap elementor-element-populated\">\n\t\t\t\t\t\t\t<div class=\"elementor-widget-wrap\">\n\t\t\t\t\t\t<div class=\"elementor-element elementor-element-33d7e42 elementor-widget elementor-widget-text-editor\" data-id=\"33d7e42\" data-element_type=\"widget\" data-widget_type=\"text-editor.default\">\n\t\t\t\t<div class=\"elementor-widget-container\">\n\t\t\t\t\t\t\t\t<div class=\"elementor-text-editor elementor-clearfix\">\n\t\t\t\t<p>Le <strong>samedi 10 f\u00e9vrier 2024<\/strong> \u00e0 <strong>20h30<\/strong>, \u00e0 La Ravoire Espace Jean Blanc, aura lieu le prochain concert de l\u2019\u00e9cole de musique \u00ab Onde&amp;Notes \u00bb.<\/p><p>Les billets sont en vente aupr\u00e8s du secr\u00e9tariat de l\u2019\u00e9cole de musique \u00ab Ch\u00e2teau de Bressieux \u00bb (Lundi 9h\/12 h &#8211; 14 h\/18 h &#8211; Mardi 8 h30\/11 h 30 -mercredi 14 h\/18 h- jeudi 9h\/12h)<\/p><p>Page Facebook : <a href=\"https:\/\/www.facebook.com\/ondeetnotes\">https:\/\/www.facebook.com\/ondeetnotes<\/a><\/p><p>Site : <a href=\"https:\/\/ondeetnotes.wpcomstaging.com\">https:\/\/ondeetnotes.wpcomstaging.com<\/a><\/p><p style=\"text-align: right;\">secretariat@ondeetnotes.com<br \/>Ch\u00e2teau Bressieux &#8211; B.P. 41126 <br \/>73011 CHAMBERY CEDEX <br \/>04\/79\/60\/41\/90<\/p>\t\t\t\t\t<\/div>\n\t\t\t\t\t\t<\/div>\n\t\t\t\t<\/div>\n\t\t\t\t\t\t<\/div>\n\t\t\t\t\t<\/div>\n\t\t<\/div>\n\t\t\t\t\t\t\t\t<\/div>\n\t\t\t\t\t<\/div>\n\t\t<\/section>\n\t\t\t\t\t\t\t\t\t<\/div>\n\t\t\t<\/div>\n\t\t\t\t\t<\/div>\n\t\t","protected":false},"excerpt":{"rendered":"<p>Le samedi 10 f\u00e9vrier 2024 \u00e0 20h30, \u00e0 La Ravoire Espace Jean Blanc, aura lieu le prochain concert de l\u2019\u00e9cole de musique \u00ab Onde&amp;Notes \u00bb. Les billets sont en vente aupr\u00e8s du secr\u00e9tariat de l\u2019\u00e9cole de musique \u00ab Ch\u00e2teau de Bressieux \u00bb (Lundi 9h\/12 h &#8211; 14 h\/18 h &#8211; Mardi 8 h30\/11 h 30 [&hellip;]<\/p>\n","protected":false},"author":2,"featured_media":6836,"comment_status":"closed","ping_status":"closed","sticky":false,"template":"","format":"standard","meta":[],"categories":[88,90],"tags":[],"_links":{"self":[{"href":"https:\/\/mairie-curienne.fr\/index.php\/wp-json\/wp\/v2\/posts\/6835"}],"collection":[{"href":"https:\/\/mairie-curienne.fr\/index.php\/wp-json\/wp\/v2\/posts"}],"about":[{"href":"https:\/\/mairie-curienne.fr\/index.php\/wp-json\/wp\/v2\/types\/post"}],"author":[{"embeddable":true,"href":"https:\/\/mairie-curienne.fr\/index.php\/wp-json\/wp\/v2\/users\/2"}],"replies":[{"embeddable":true,"href":"https:\/\/mairie-curienne.fr\/index.php\/wp-json\/wp\/v2\/comments?post=6835"}],"version-history":[{"count":7,"href":"https:\/\/mairie-curienne.fr\/index.php\/wp-json\/wp\/v2\/posts\/6835\/revisions"}],"predecessor-version":[{"id":6843,"href":"https:\/\/mairie-curienne.fr\/index.php\/wp-json\/wp\/v2\/posts\/6835\/revisions\/6843"}],"wp:featuredmedia":[{"embeddable":true,"href":"https:\/\/mairie-curienne.fr\/index.php\/wp-json\/wp\/v2\/media\/6836"}],"wp:attachment":[{"href":"https:\/\/mairie-curienne.fr\/index.php\/wp-json\/wp\/v2\/media?parent=6835"}],"wp:term":[{"taxonomy":"category","embeddable":true,"href":"https:\/\/mairie-curienne.fr\/index.php\/wp-json\/wp\/v2\/categories?post=6835"},{"taxonomy":"post_tag","embeddable":true,"href":"https:\/\/mairie-curienne.fr\/index.php\/wp-json\/wp\/v2\/tags?post=6835"}],"curies":[{"name":"wp","href":"https:\/\/api.w.org\/{rel}","templated":true}]}}