{"id":6807,"date":"2024-01-08T21:07:17","date_gmt":"2024-01-08T20:07:17","guid":{"rendered":"https:\/\/mairie-curienne.fr\/?p=6807"},"modified":"2024-01-08T21:20:08","modified_gmt":"2024-01-08T20:20:08","slug":"appel-a-candidatures-pour-lexploitation-de-lauberge-communale","status":"publish","type":"post","link":"https:\/\/mairie-curienne.fr\/index.php\/2024\/01\/08\/appel-a-candidatures-pour-lexploitation-de-lauberge-communale\/","title":{"rendered":"Appel \u00e0 Candidatures pour l&rsquo;Exploitation de l&rsquo;Auberge Communale"},"content":{"rendered":"\t\t<div data-elementor-type=\"wp-post\" data-elementor-id=\"6807\" class=\"elementor elementor-6807\">\n\t\t\t\t\t\t<div class=\"elementor-inner\">\n\t\t\t\t<div class=\"elementor-section-wrap\">\n\t\t\t\t\t\t\t\t\t<section class=\"elementor-section elementor-top-section elementor-element elementor-element-4115666 elementor-section-boxed elementor-section-height-default elementor-section-height-default\" data-id=\"4115666\" data-element_type=\"section\">\n\t\t\t\t\t\t<div class=\"elementor-container elementor-column-gap-default\">\n\t\t\t\t\t\t\t<div class=\"elementor-row\">\n\t\t\t\t\t<div class=\"elementor-column elementor-col-100 elementor-top-column elementor-element elementor-element-088e9a1\" data-id=\"088e9a1\" data-element_type=\"column\">\n\t\t\t<div class=\"elementor-column-wrap elementor-element-populated\">\n\t\t\t\t\t\t\t<div class=\"elementor-widget-wrap\">\n\t\t\t\t\t\t<div class=\"elementor-element elementor-element-0979cfc elementor-widget elementor-widget-text-editor\" data-id=\"0979cfc\" data-element_type=\"widget\" data-widget_type=\"text-editor.default\">\n\t\t\t\t<div class=\"elementor-widget-container\">\n\t\t\t\t\t\t\t\t<div class=\"elementor-text-editor elementor-clearfix\">\n\t\t\t\t<p>La Commune de Curienne est \u00e0 la recherche d&rsquo;un partenaire qualifi\u00e9, pr\u00eat \u00e0 insuffler une nouvelle vie \u00e0 l&rsquo;auberge communale et \u00e0 redonner vie au c\u0153ur commercial du village !<\/p><p><strong>Les Attentes de la Mairie : Qualit\u00e9, Accessibilit\u00e9, Collaboration<\/strong><\/p><p>La mairie de Curienne a \u00e0 c\u0153ur de voir \u00e9merger un projet ax\u00e9 sur la qualit\u00e9, accessible \u00e0 tous, et ancr\u00e9 dans le tissu local. L&rsquo;accent est mis sur des prestations de qualit\u00e9, adapt\u00e9es \u00e0 une client\u00e8le familiale, favorisant l&rsquo;utilisation de produits locaux- de qualit\u00e9.<\/p><p>Dans cette perspective, elle aspire \u00e0 trouver les \u00e9l\u00e9ments suivants dans les projets :<\/p><ol><li>Des prestations de qualit\u00e9, accessibles et con\u00e7u pour une client\u00e8le familiale, qui s\u2019appuient sur l\u2019utilisation de produits locaux de qualit\u00e9.<\/li><li>Des services du proximit\u00e9 propos\u00e9s \u00e0 une client\u00e8le locale qui s\u2019appuient sur les besoins de services des habitants du village.<\/li><li>Un lieu de rencontres et d\u2019animations pour le village qui participe et travaille en<br \/>collaboration avec les acteurs du village (association, professionnels du tourisme, \u2026)<\/li><\/ol><p><strong>Descriptif des Locaux : Charme Traditionnel et Potentiel \u00c9tendu<\/strong><\/p><p>L&rsquo;auberge de Curienne s\u00e9duit par son charme traditionnel, son espace ext\u00e9rieur g\u00e9n\u00e9reux<br \/>comprenant une terrasse de 100 m2, ainsi que la possibilit\u00e9 d&rsquo;am\u00e9nager une surface enherb\u00e9e.<\/p><p>L&rsquo;\u00e9tablissement offre une flexibilit\u00e9 appr\u00e9ciable avec l&rsquo;acc\u00e8s \u00e0 une deuxi\u00e8me salle de service, pouvant \u00eatre mise \u00e0 disposition durant les vacances scolaires ou les week-ends, selon les besoins du commerce.<\/p><p>La qualit\u00e9 de l&rsquo;am\u00e9nagement int\u00e9rieur est ind\u00e9niable, renforc\u00e9e par les r\u00e9cents investissements de la commune, notamment le remplacement de la chaudi\u00e8re par un mod\u00e8le bois et l&rsquo;acquisition d&rsquo;une cuisine professionnelle compl\u00e8te.<\/p><p>Avec son emplacement central, l&rsquo;auberge constitue un lieu id\u00e9al pour attirer la client\u00e8le touristique tout en restant profond\u00e9ment ancr\u00e9e dans la vie locale.<\/p><p><strong>Processus de Recrutement : \u00c9tape par \u00c9tape<\/strong><\/p><p><b>D\u00e9p\u00f4t des Dossiers de Candidature :<\/b> Soumettez votre dossier avant le <span style=\"color: #ff0000;\"><strong>jeudi\u00a0<\/strong><strong><span style=\"color: #ff0000;\">1<\/span>5 f\u00e9vrier \u00e0 12h00<\/strong><\/span> par e-mail \u00e0\u00a0<strong>mairie.curienne@wanadoo.fr<\/strong> ou par voie postale \u00e0 l&rsquo;adresse de la mairie.<\/p><p><strong>Visites Obligatoires :<\/strong> Des visites du b\u00e2timent seront programm\u00e9es \u00e0 des dates \u00e0 pr\u00e9ciser. La pr\u00e9sence \u00e0 l&rsquo;une de ces visites est imp\u00e9rative pour tous les candidats. \u00c0 la suite de la visite, un temps d&rsquo;\u00e9change sera organis\u00e9, vous offrant l&rsquo;occasion de poser toutes vos questions.<\/p><p><strong>Dossiers de R\u00e9ponse :<\/strong> Votre dossier complet doit inclure toutes les pi\u00e8ces n\u00e9cessaires permettant d&rsquo;\u00e9valuer votre qualit\u00e9 et vos capacit\u00e9s professionnelles. Le certificat de visite remis par la commune sera requis.<\/p><p><strong>Examen des Projets :<\/strong> Les projets seront soigneusement \u00e9valu\u00e9s en fonction de la qualit\u00e9 du candidat, de la proposition financi\u00e8re et de leur coh\u00e9rence avec les attentes de la commune.<\/p><p><strong>Discussions et Rencontres :<\/strong> Monsieur le Maire se r\u00e9serve le droit d&rsquo;engager des n\u00e9gociations avec les porteurs de projets s\u00e9lectionn\u00e9s.<\/p><p>Pour plus d&rsquo;informations sur cette opportunit\u00e9, n&rsquo;h\u00e9sitez pas \u00e0 contacter les services municipaux par e-mail \u00e0 <strong>mairie.curienne@wanadoo.fr<\/strong> ou par t\u00e9l\u00e9phone au <strong>04.79.84.71.60<\/strong>.<\/p><p>Cahier des charges de l&rsquo;auberge : <a href=\"https:\/\/mairie-curienne.fr\/wp-content\/uploads\/2020\/07\/cahier_des_charges_auberge.pdf\">T\u00e9l\u00e9chargement du document<\/a><\/p><p><strong>Quelques visuels :<\/strong><\/p>\t\t\t\t\t<\/div>\n\t\t\t\t\t\t<\/div>\n\t\t\t\t<\/div>\n\t\t\t\t<div class=\"elementor-element elementor-element-62f1c23 elementor-widget__width-auto elementor-widget elementor-widget-image\" data-id=\"62f1c23\" data-element_type=\"widget\" data-widget_type=\"image.default\">\n\t\t\t\t<div class=\"elementor-widget-container\">\n\t\t\t\t\t\t\t\t<div class=\"elementor-image\">\n\t\t\t\t\t\t\t\t\t\t\t\t<img decoding=\"async\" width=\"300\" height=\"225\" src=\"https:\/\/mairie-curienne.fr\/wp-content\/uploads\/2020\/07\/auberge1-300x225.jpg\" class=\"attachment-medium size-medium wp-image-6825\" alt=\"\" loading=\"lazy\" srcset=\"https:\/\/mairie-curienne.fr\/wp-content\/uploads\/2020\/07\/auberge1-300x225.jpg 300w, https:\/\/mairie-curienne.fr\/wp-content\/uploads\/2020\/07\/auberge1-600x450.jpg 600w, https:\/\/mairie-curienne.fr\/wp-content\/uploads\/2020\/07\/auberge1-560x420.jpg 560w, https:\/\/mairie-curienne.fr\/wp-content\/uploads\/2020\/07\/auberge1.jpg 667w\" sizes=\"(max-width: 300px) 100vw, 300px\" \/>\t\t\t\t\t\t\t\t\t\t\t\t\t\t<\/div>\n\t\t\t\t\t\t<\/div>\n\t\t\t\t<\/div>\n\t\t\t\t<div class=\"elementor-element elementor-element-2bf46f7 elementor-widget__width-auto elementor-widget elementor-widget-image\" data-id=\"2bf46f7\" data-element_type=\"widget\" data-widget_type=\"image.default\">\n\t\t\t\t<div class=\"elementor-widget-container\">\n\t\t\t\t\t\t\t\t<div class=\"elementor-image\">\n\t\t\t\t\t\t\t\t\t\t\t\t<img decoding=\"async\" width=\"300\" height=\"225\" src=\"https:\/\/mairie-curienne.fr\/wp-content\/uploads\/2020\/07\/auberge2-300x225.jpg\" class=\"attachment-medium size-medium wp-image-6821\" alt=\"\" loading=\"lazy\" srcset=\"https:\/\/mairie-curienne.fr\/wp-content\/uploads\/2020\/07\/auberge2-300x225.jpg 300w, https:\/\/mairie-curienne.fr\/wp-content\/uploads\/2020\/07\/auberge2.jpg 550w\" sizes=\"(max-width: 300px) 100vw, 300px\" \/>\t\t\t\t\t\t\t\t\t\t\t\t\t\t<\/div>\n\t\t\t\t\t\t<\/div>\n\t\t\t\t<\/div>\n\t\t\t\t<div class=\"elementor-element elementor-element-141e5f2 elementor-widget__width-auto elementor-widget elementor-widget-image\" data-id=\"141e5f2\" data-element_type=\"widget\" data-widget_type=\"image.default\">\n\t\t\t\t<div class=\"elementor-widget-container\">\n\t\t\t\t\t\t\t\t<div class=\"elementor-image\">\n\t\t\t\t\t\t\t\t\t\t\t\t<img decoding=\"async\" width=\"300\" height=\"225\" src=\"https:\/\/mairie-curienne.fr\/wp-content\/uploads\/2020\/07\/auberge3-300x225.jpg\" class=\"attachment-medium size-medium wp-image-6824\" alt=\"\" loading=\"lazy\" srcset=\"https:\/\/mairie-curienne.fr\/wp-content\/uploads\/2020\/07\/auberge3-300x225.jpg 300w, https:\/\/mairie-curienne.fr\/wp-content\/uploads\/2020\/07\/auberge3-1024x768.jpg 1024w, https:\/\/mairie-curienne.fr\/wp-content\/uploads\/2020\/07\/auberge3-768x576.jpg 768w, https:\/\/mairie-curienne.fr\/wp-content\/uploads\/2020\/07\/auberge3-600x450.jpg 600w, https:\/\/mairie-curienne.fr\/wp-content\/uploads\/2020\/07\/auberge3-560x420.jpg 560w, https:\/\/mairie-curienne.fr\/wp-content\/uploads\/2020\/07\/auberge3.jpg 1200w\" sizes=\"(max-width: 300px) 100vw, 300px\" \/>\t\t\t\t\t\t\t\t\t\t\t\t\t\t<\/div>\n\t\t\t\t\t\t<\/div>\n\t\t\t\t<\/div>\n\t\t\t\t<div class=\"elementor-element elementor-element-d830be4 elementor-widget elementor-widget-image\" data-id=\"d830be4\" data-element_type=\"widget\" data-widget_type=\"image.default\">\n\t\t\t\t<div class=\"elementor-widget-container\">\n\t\t\t\t\t\t\t\t<div class=\"elementor-image\">\n\t\t\t\t\t\t\t\t\t\t\t\t<img decoding=\"async\" width=\"1000\" height=\"700\" src=\"https:\/\/mairie-curienne.fr\/wp-content\/uploads\/2020\/07\/auberge4.png\" class=\"attachment-large size-large wp-image-6823\" alt=\"\" loading=\"lazy\" srcset=\"https:\/\/mairie-curienne.fr\/wp-content\/uploads\/2020\/07\/auberge4.png 1000w, https:\/\/mairie-curienne.fr\/wp-content\/uploads\/2020\/07\/auberge4-300x210.png 300w, https:\/\/mairie-curienne.fr\/wp-content\/uploads\/2020\/07\/auberge4-768x538.png 768w, https:\/\/mairie-curienne.fr\/wp-content\/uploads\/2020\/07\/auberge4-600x420.png 600w, https:\/\/mairie-curienne.fr\/wp-content\/uploads\/2020\/07\/auberge4-560x392.png 560w\" sizes=\"(max-width: 1000px) 100vw, 1000px\" \/>\t\t\t\t\t\t\t\t\t\t\t\t\t\t<\/div>\n\t\t\t\t\t\t<\/div>\n\t\t\t\t<\/div>\n\t\t\t\t\t\t<\/div>\n\t\t\t\t\t<\/div>\n\t\t<\/div>\n\t\t\t\t\t\t\t\t<\/div>\n\t\t\t\t\t<\/div>\n\t\t<\/section>\n\t\t\t\t\t\t\t\t\t<\/div>\n\t\t\t<\/div>\n\t\t\t\t\t<\/div>\n\t\t","protected":false},"excerpt":{"rendered":"<p>La Commune de Curienne est \u00e0 la recherche d&rsquo;un partenaire qualifi\u00e9, pr\u00eat \u00e0 insuffler une nouvelle vie \u00e0 l&rsquo;auberge communale et \u00e0 redonner vie au c\u0153ur commercial du village ! Les Attentes de la Mairie : Qualit\u00e9, Accessibilit\u00e9, Collaboration La mairie de Curienne a \u00e0 c\u0153ur de voir \u00e9merger un projet ax\u00e9 sur la qualit\u00e9, [&hellip;]<\/p>\n","protected":false},"author":2,"featured_media":6808,"comment_status":"closed","ping_status":"closed","sticky":false,"template":"","format":"standard","meta":[],"categories":[88,90,91],"tags":[],"_links":{"self":[{"href":"https:\/\/mairie-curienne.fr\/index.php\/wp-json\/wp\/v2\/posts\/6807"}],"collection":[{"href":"https:\/\/mairie-curienne.fr\/index.php\/wp-json\/wp\/v2\/posts"}],"about":[{"href":"https:\/\/mairie-curienne.fr\/index.php\/wp-json\/wp\/v2\/types\/post"}],"author":[{"embeddable":true,"href":"https:\/\/mairie-curienne.fr\/index.php\/wp-json\/wp\/v2\/users\/2"}],"replies":[{"embeddable":true,"href":"https:\/\/mairie-curienne.fr\/index.php\/wp-json\/wp\/v2\/comments?post=6807"}],"version-history":[{"count":13,"href":"https:\/\/mairie-curienne.fr\/index.php\/wp-json\/wp\/v2\/posts\/6807\/revisions"}],"predecessor-version":[{"id":6828,"href":"https:\/\/mairie-curienne.fr\/index.php\/wp-json\/wp\/v2\/posts\/6807\/revisions\/6828"}],"wp:featuredmedia":[{"embeddable":true,"href":"https:\/\/mairie-curienne.fr\/index.php\/wp-json\/wp\/v2\/media\/6808"}],"wp:attachment":[{"href":"https:\/\/mairie-curienne.fr\/index.php\/wp-json\/wp\/v2\/media?parent=6807"}],"wp:term":[{"taxonomy":"category","embeddable":true,"href":"https:\/\/mairie-curienne.fr\/index.php\/wp-json\/wp\/v2\/categories?post=6807"},{"taxonomy":"post_tag","embeddable":true,"href":"https:\/\/mairie-curienne.fr\/index.php\/wp-json\/wp\/v2\/tags?post=6807"}],"curies":[{"name":"wp","href":"https:\/\/api.w.org\/{rel}","templated":true}]}}