{"id":6799,"date":"2023-12-15T20:15:35","date_gmt":"2023-12-15T19:15:35","guid":{"rendered":"https:\/\/mairie-curienne.fr\/?p=6799"},"modified":"2023-12-15T20:17:16","modified_gmt":"2023-12-15T19:17:16","slug":"biblio-news-2-encore-des-nouveautes","status":"publish","type":"post","link":"https:\/\/mairie-curienne.fr\/index.php\/2023\/12\/15\/biblio-news-2-encore-des-nouveautes\/","title":{"rendered":"BIBLIO NEWS #2 : Encore des nouveaut\u00e9s !"},"content":{"rendered":"\t\t<div data-elementor-type=\"wp-post\" data-elementor-id=\"6799\" class=\"elementor elementor-6799\">\n\t\t\t\t\t\t<div class=\"elementor-inner\">\n\t\t\t\t<div class=\"elementor-section-wrap\">\n\t\t\t\t\t\t\t\t\t<section class=\"elementor-section elementor-top-section elementor-element elementor-element-ce1013c elementor-section-boxed elementor-section-height-default elementor-section-height-default\" data-id=\"ce1013c\" data-element_type=\"section\">\n\t\t\t\t\t\t<div class=\"elementor-container elementor-column-gap-default\">\n\t\t\t\t\t\t\t<div class=\"elementor-row\">\n\t\t\t\t\t<div class=\"elementor-column elementor-col-100 elementor-top-column elementor-element elementor-element-9f8ebf5\" data-id=\"9f8ebf5\" data-element_type=\"column\">\n\t\t\t<div class=\"elementor-column-wrap elementor-element-populated\">\n\t\t\t\t\t\t\t<div class=\"elementor-widget-wrap\">\n\t\t\t\t\t\t<div class=\"elementor-element elementor-element-888332b elementor-widget elementor-widget-text-editor\" data-id=\"888332b\" data-element_type=\"widget\" data-widget_type=\"text-editor.default\">\n\t\t\t\t<div class=\"elementor-widget-container\">\n\t\t\t\t\t\t\t\t<div class=\"elementor-text-editor elementor-clearfix\">\n\t\t\t\t<p>Cette fois c\u2019est surtout le rayon adulte que nous avons renflou\u00e9 avec des romans et romans graphiques.<\/p><p>Les enfants n\u2019ont toutefois pas \u00e9t\u00e9 oubli\u00e9s et pourront venir emprunter le dernier Ast\u00e9rix ou Mortelle Ad\u00e8le.<\/p><p>A bient\u00f4t et belles f\u00eates de fin d\u2019ann\u00e9e !<\/p><p style=\"text-align: right;\"><strong>Muriel, Chantal, Marie, Delphine, Marie-Ange et No\u00e9mie<\/strong><\/p><p style=\"text-align: left;\">Prochain RDV : Contes de No\u00ebl <strong>aujourd&rsquo;hui<\/strong> le <strong>samedi 16 d\u00e9cembre<\/strong><\/p>\t\t\t\t\t<\/div>\n\t\t\t\t\t\t<\/div>\n\t\t\t\t<\/div>\n\t\t\t\t\t\t<\/div>\n\t\t\t\t\t<\/div>\n\t\t<\/div>\n\t\t\t\t\t\t\t\t<\/div>\n\t\t\t\t\t<\/div>\n\t\t<\/section>\n\t\t\t\t\t\t\t\t\t<\/div>\n\t\t\t<\/div>\n\t\t\t\t\t<\/div>\n\t\t","protected":false},"excerpt":{"rendered":"<p>Cette fois c\u2019est surtout le rayon adulte que nous avons renflou\u00e9 avec des romans et romans graphiques. Les enfants n\u2019ont toutefois pas \u00e9t\u00e9 oubli\u00e9s et pourront venir emprunter le dernier Ast\u00e9rix ou Mortelle Ad\u00e8le. A bient\u00f4t et belles f\u00eates de fin d\u2019ann\u00e9e ! Muriel, Chantal, Marie, Delphine, Marie-Ange et No\u00e9mie Prochain RDV : Contes de [&hellip;]<\/p>\n","protected":false},"author":2,"featured_media":6801,"comment_status":"closed","ping_status":"closed","sticky":false,"template":"","format":"standard","meta":[],"categories":[88,89,90,91],"tags":[],"_links":{"self":[{"href":"https:\/\/mairie-curienne.fr\/index.php\/wp-json\/wp\/v2\/posts\/6799"}],"collection":[{"href":"https:\/\/mairie-curienne.fr\/index.php\/wp-json\/wp\/v2\/posts"}],"about":[{"href":"https:\/\/mairie-curienne.fr\/index.php\/wp-json\/wp\/v2\/types\/post"}],"author":[{"embeddable":true,"href":"https:\/\/mairie-curienne.fr\/index.php\/wp-json\/wp\/v2\/users\/2"}],"replies":[{"embeddable":true,"href":"https:\/\/mairie-curienne.fr\/index.php\/wp-json\/wp\/v2\/comments?post=6799"}],"version-history":[{"count":6,"href":"https:\/\/mairie-curienne.fr\/index.php\/wp-json\/wp\/v2\/posts\/6799\/revisions"}],"predecessor-version":[{"id":6917,"href":"https:\/\/mairie-curienne.fr\/index.php\/wp-json\/wp\/v2\/posts\/6799\/revisions\/6917"}],"wp:featuredmedia":[{"embeddable":true,"href":"https:\/\/mairie-curienne.fr\/index.php\/wp-json\/wp\/v2\/media\/6801"}],"wp:attachment":[{"href":"https:\/\/mairie-curienne.fr\/index.php\/wp-json\/wp\/v2\/media?parent=6799"}],"wp:term":[{"taxonomy":"category","embeddable":true,"href":"https:\/\/mairie-curienne.fr\/index.php\/wp-json\/wp\/v2\/categories?post=6799"},{"taxonomy":"post_tag","embeddable":true,"href":"https:\/\/mairie-curienne.fr\/index.php\/wp-json\/wp\/v2\/tags?post=6799"}],"curies":[{"name":"wp","href":"https:\/\/api.w.org\/{rel}","templated":true}]}}