{"id":6792,"date":"2023-11-22T18:16:34","date_gmt":"2023-11-22T17:16:34","guid":{"rendered":"https:\/\/mairie-curienne.fr\/?p=6792"},"modified":"2023-11-22T18:24:54","modified_gmt":"2023-11-22T17:24:54","slug":"amenagement-du-village-le-9-decembre","status":"publish","type":"post","link":"https:\/\/mairie-curienne.fr\/index.php\/2023\/11\/22\/amenagement-du-village-le-9-decembre\/","title":{"rendered":"Am\u00e9nagement du village le 9 d\u00e9cembre"},"content":{"rendered":"\t\t<div data-elementor-type=\"wp-post\" data-elementor-id=\"6792\" class=\"elementor elementor-6792\">\n\t\t\t\t\t\t<div class=\"elementor-inner\">\n\t\t\t\t<div class=\"elementor-section-wrap\">\n\t\t\t\t\t\t\t\t\t<section class=\"elementor-section elementor-top-section elementor-element elementor-element-5c92b90 elementor-section-boxed elementor-section-height-default elementor-section-height-default\" data-id=\"5c92b90\" data-element_type=\"section\">\n\t\t\t\t\t\t<div class=\"elementor-container elementor-column-gap-default\">\n\t\t\t\t\t\t\t<div class=\"elementor-row\">\n\t\t\t\t\t<div class=\"elementor-column elementor-col-100 elementor-top-column elementor-element elementor-element-e9d2a81\" data-id=\"e9d2a81\" data-element_type=\"column\">\n\t\t\t<div class=\"elementor-column-wrap elementor-element-populated\">\n\t\t\t\t\t\t\t<div class=\"elementor-widget-wrap\">\n\t\t\t\t\t\t<div class=\"elementor-element elementor-element-d56b02a elementor-widget elementor-widget-text-editor\" data-id=\"d56b02a\" data-element_type=\"widget\" data-widget_type=\"text-editor.default\">\n\t\t\t\t<div class=\"elementor-widget-container\">\n\t\t\t\t\t\t\t\t<div class=\"elementor-text-editor elementor-clearfix\">\n\t\t\t\t<p>Le <strong>samedi 9 d\u00e9cembre<\/strong> de <strong>10h<\/strong> \u00e0 <strong>11h30<\/strong> venez participer \u00e0 une discussion portant sur l&rsquo;am\u00e9nagement de votre commune.<\/p><p>En partenariat avec le PNR du Massif des Bauges, ainsi que des \u00e9tudiantes en Master 2 G\u00e9ographie et Am\u00e9nagement de la Montagne \u00e0 l&rsquo;Universit\u00e9 Savoie Mont-Blanc, nous serons ravis de recueillir vos avis sur les priorit\u00e9s et attendus sur l&rsquo;am\u00e9nagement de Curienne.<\/p><p>Nous vous attendons nombreux !<\/p><p style=\"text-align: right;\"><strong>La municipalit\u00e9<\/strong><\/p>\t\t\t\t\t<\/div>\n\t\t\t\t\t\t<\/div>\n\t\t\t\t<\/div>\n\t\t\t\t\t\t<\/div>\n\t\t\t\t\t<\/div>\n\t\t<\/div>\n\t\t\t\t\t\t\t\t<\/div>\n\t\t\t\t\t<\/div>\n\t\t<\/section>\n\t\t\t\t\t\t\t\t\t<\/div>\n\t\t\t<\/div>\n\t\t\t\t\t<\/div>\n\t\t","protected":false},"excerpt":{"rendered":"<p>Le samedi 9 d\u00e9cembre de 10h \u00e0 11h30 venez participer \u00e0 une discussion portant sur l&rsquo;am\u00e9nagement de votre commune. En partenariat avec le PNR du Massif des Bauges, ainsi que des \u00e9tudiantes en Master 2 G\u00e9ographie et Am\u00e9nagement de la Montagne \u00e0 l&rsquo;Universit\u00e9 Savoie Mont-Blanc, nous serons ravis de recueillir vos avis sur les priorit\u00e9s [&hellip;]<\/p>\n","protected":false},"author":2,"featured_media":6793,"comment_status":"closed","ping_status":"closed","sticky":false,"template":"","format":"standard","meta":[],"categories":[88,90,91],"tags":[],"_links":{"self":[{"href":"https:\/\/mairie-curienne.fr\/index.php\/wp-json\/wp\/v2\/posts\/6792"}],"collection":[{"href":"https:\/\/mairie-curienne.fr\/index.php\/wp-json\/wp\/v2\/posts"}],"about":[{"href":"https:\/\/mairie-curienne.fr\/index.php\/wp-json\/wp\/v2\/types\/post"}],"author":[{"embeddable":true,"href":"https:\/\/mairie-curienne.fr\/index.php\/wp-json\/wp\/v2\/users\/2"}],"replies":[{"embeddable":true,"href":"https:\/\/mairie-curienne.fr\/index.php\/wp-json\/wp\/v2\/comments?post=6792"}],"version-history":[{"count":4,"href":"https:\/\/mairie-curienne.fr\/index.php\/wp-json\/wp\/v2\/posts\/6792\/revisions"}],"predecessor-version":[{"id":6797,"href":"https:\/\/mairie-curienne.fr\/index.php\/wp-json\/wp\/v2\/posts\/6792\/revisions\/6797"}],"wp:featuredmedia":[{"embeddable":true,"href":"https:\/\/mairie-curienne.fr\/index.php\/wp-json\/wp\/v2\/media\/6793"}],"wp:attachment":[{"href":"https:\/\/mairie-curienne.fr\/index.php\/wp-json\/wp\/v2\/media?parent=6792"}],"wp:term":[{"taxonomy":"category","embeddable":true,"href":"https:\/\/mairie-curienne.fr\/index.php\/wp-json\/wp\/v2\/categories?post=6792"},{"taxonomy":"post_tag","embeddable":true,"href":"https:\/\/mairie-curienne.fr\/index.php\/wp-json\/wp\/v2\/tags?post=6792"}],"curies":[{"name":"wp","href":"https:\/\/api.w.org\/{rel}","templated":true}]}}