{"id":6783,"date":"2023-11-22T18:05:49","date_gmt":"2023-11-22T17:05:49","guid":{"rendered":"https:\/\/mairie-curienne.fr\/?p=6783"},"modified":"2023-11-22T18:10:31","modified_gmt":"2023-11-22T17:10:31","slug":"cinebus-seances-du-mois-de-decembre-3","status":"publish","type":"post","link":"https:\/\/mairie-curienne.fr\/index.php\/2023\/11\/22\/cinebus-seances-du-mois-de-decembre-3\/","title":{"rendered":"Cin\u00e9bus s\u00e9ances du mois de d\u00e9cembre"},"content":{"rendered":"\t\t<div data-elementor-type=\"wp-post\" data-elementor-id=\"6783\" class=\"elementor elementor-6783\">\n\t\t\t\t\t\t<div class=\"elementor-inner\">\n\t\t\t\t<div class=\"elementor-section-wrap\">\n\t\t\t\t\t\t\t\t\t<section class=\"elementor-section elementor-top-section elementor-element elementor-element-3821cc6 elementor-section-boxed elementor-section-height-default elementor-section-height-default\" data-id=\"3821cc6\" data-element_type=\"section\">\n\t\t\t\t\t\t<div class=\"elementor-container elementor-column-gap-default\">\n\t\t\t\t\t\t\t<div class=\"elementor-row\">\n\t\t\t\t\t<div class=\"elementor-column elementor-col-100 elementor-top-column elementor-element elementor-element-e5ae320\" data-id=\"e5ae320\" data-element_type=\"column\">\n\t\t\t<div class=\"elementor-column-wrap elementor-element-populated\">\n\t\t\t\t\t\t\t<div class=\"elementor-widget-wrap\">\n\t\t\t\t\t\t<div class=\"elementor-element elementor-element-1317e9b elementor-widget elementor-widget-text-editor\" data-id=\"1317e9b\" data-element_type=\"widget\" data-widget_type=\"text-editor.default\">\n\t\t\t\t<div class=\"elementor-widget-container\">\n\t\t\t\t\t\t\t\t<div class=\"elementor-text-editor elementor-clearfix\">\n\t\t\t\t<p>Les s\u00e9ances propos\u00e9es par Cin\u00e9bus pour le mois de d\u00e9cembre :<\/p><p><strong>Lundi 11 d\u00e9cembre <\/strong>:<\/p><ul><li>L&rsquo;incroyable No\u00ebl de Shaun le mouton et de Timmy \u00e0 <strong>17h<\/strong><\/li><li>La fianc\u00e9e du po\u00e8te \u00e0 <strong>20h30<\/strong><\/li><\/ul><p><strong>La municipalit\u00e9 prend en charge la s\u00e9ance de 17h pour tous les enfants de l&rsquo;\u00e9cole et la culturienne offre le go\u00fbter \u00e0 tous les enfants pr\u00e9sents ainsi qu&rsquo;aux parents accompagnateurs !<\/strong><\/p>\t\t\t\t\t<\/div>\n\t\t\t\t\t\t<\/div>\n\t\t\t\t<\/div>\n\t\t\t\t\t\t<\/div>\n\t\t\t\t\t<\/div>\n\t\t<\/div>\n\t\t\t\t\t\t\t\t<\/div>\n\t\t\t\t\t<\/div>\n\t\t<\/section>\n\t\t\t\t\t\t\t\t\t<\/div>\n\t\t\t<\/div>\n\t\t\t\t\t<\/div>\n\t\t","protected":false},"excerpt":{"rendered":"<p>Les s\u00e9ances propos\u00e9es par Cin\u00e9bus pour le mois de d\u00e9cembre : Lundi 11 d\u00e9cembre : L&rsquo;incroyable No\u00ebl de Shaun le mouton et de Timmy \u00e0 17h La fianc\u00e9e du po\u00e8te \u00e0 20h30 La municipalit\u00e9 prend en charge la s\u00e9ance de 17h pour tous les enfants de l&rsquo;\u00e9cole et la culturienne offre le go\u00fbter \u00e0 tous [&hellip;]<\/p>\n","protected":false},"author":2,"featured_media":6784,"comment_status":"closed","ping_status":"closed","sticky":false,"template":"","format":"standard","meta":[],"categories":[88,90],"tags":[],"_links":{"self":[{"href":"https:\/\/mairie-curienne.fr\/index.php\/wp-json\/wp\/v2\/posts\/6783"}],"collection":[{"href":"https:\/\/mairie-curienne.fr\/index.php\/wp-json\/wp\/v2\/posts"}],"about":[{"href":"https:\/\/mairie-curienne.fr\/index.php\/wp-json\/wp\/v2\/types\/post"}],"author":[{"embeddable":true,"href":"https:\/\/mairie-curienne.fr\/index.php\/wp-json\/wp\/v2\/users\/2"}],"replies":[{"embeddable":true,"href":"https:\/\/mairie-curienne.fr\/index.php\/wp-json\/wp\/v2\/comments?post=6783"}],"version-history":[{"count":4,"href":"https:\/\/mairie-curienne.fr\/index.php\/wp-json\/wp\/v2\/posts\/6783\/revisions"}],"predecessor-version":[{"id":6791,"href":"https:\/\/mairie-curienne.fr\/index.php\/wp-json\/wp\/v2\/posts\/6783\/revisions\/6791"}],"wp:featuredmedia":[{"embeddable":true,"href":"https:\/\/mairie-curienne.fr\/index.php\/wp-json\/wp\/v2\/media\/6784"}],"wp:attachment":[{"href":"https:\/\/mairie-curienne.fr\/index.php\/wp-json\/wp\/v2\/media?parent=6783"}],"wp:term":[{"taxonomy":"category","embeddable":true,"href":"https:\/\/mairie-curienne.fr\/index.php\/wp-json\/wp\/v2\/categories?post=6783"},{"taxonomy":"post_tag","embeddable":true,"href":"https:\/\/mairie-curienne.fr\/index.php\/wp-json\/wp\/v2\/tags?post=6783"}],"curies":[{"name":"wp","href":"https:\/\/api.w.org\/{rel}","templated":true}]}}