{"id":6761,"date":"2023-11-19T22:09:18","date_gmt":"2023-11-19T21:09:18","guid":{"rendered":"https:\/\/mairie-curienne.fr\/?p=6761"},"modified":"2023-11-19T22:59:03","modified_gmt":"2023-11-19T21:59:03","slug":"stop-aux-violences-faites-aux-femmes","status":"publish","type":"post","link":"https:\/\/mairie-curienne.fr\/index.php\/2023\/11\/19\/stop-aux-violences-faites-aux-femmes\/","title":{"rendered":"Stop aux violences faites aux femmes"},"content":{"rendered":"\t\t<div data-elementor-type=\"wp-post\" data-elementor-id=\"6761\" class=\"elementor elementor-6761\">\n\t\t\t\t\t\t<div class=\"elementor-inner\">\n\t\t\t\t<div class=\"elementor-section-wrap\">\n\t\t\t\t\t\t\t\t\t<section class=\"elementor-section elementor-top-section elementor-element elementor-element-fd6e6dc elementor-section-boxed elementor-section-height-default elementor-section-height-default\" data-id=\"fd6e6dc\" data-element_type=\"section\">\n\t\t\t\t\t\t<div class=\"elementor-container elementor-column-gap-default\">\n\t\t\t\t\t\t\t<div class=\"elementor-row\">\n\t\t\t\t\t<div class=\"elementor-column elementor-col-100 elementor-top-column elementor-element elementor-element-54dc933\" data-id=\"54dc933\" data-element_type=\"column\">\n\t\t\t<div class=\"elementor-column-wrap elementor-element-populated\">\n\t\t\t\t\t\t\t<div class=\"elementor-widget-wrap\">\n\t\t\t\t\t\t<div class=\"elementor-element elementor-element-64d457f elementor-widget elementor-widget-text-editor\" data-id=\"64d457f\" data-element_type=\"widget\" data-widget_type=\"text-editor.default\">\n\t\t\t\t<div class=\"elementor-widget-container\">\n\t\t\t\t\t\t\t\t<div class=\"elementor-text-editor elementor-clearfix\">\n\t\t\t\t<p><span dir=\"ltr\">Le 25 novembre<\/span>, avec le partenariat de l\u2019association AVIJ des Savoie, le magasin Super U et la gendarmerie nationale, aura lieu une journ\u00e9e consacr\u00e9e aux violences faites aux femmes.<\/p><p>\u00c0 cette occasion la journ\u00e9e enti\u00e8re sera d\u00e9di\u00e9e \u00e0 la collecte de produits d\u2019hygi\u00e8ne et de beaut\u00e9 qui seront par la suite distribu\u00e9s aux associations r\u00e9f\u00e9rentes et \u00e0 la gendarmerie, ainsi qu&rsquo;un stand d&rsquo;informations.<\/p>\t\t\t\t\t<\/div>\n\t\t\t\t\t\t<\/div>\n\t\t\t\t<\/div>\n\t\t\t\t\t\t<\/div>\n\t\t\t\t\t<\/div>\n\t\t<\/div>\n\t\t\t\t\t\t\t\t<\/div>\n\t\t\t\t\t<\/div>\n\t\t<\/section>\n\t\t\t\t\t\t\t\t\t<\/div>\n\t\t\t<\/div>\n\t\t\t\t\t<\/div>\n\t\t","protected":false},"excerpt":{"rendered":"<p>Le 25 novembre, avec le partenariat de l\u2019association AVIJ des Savoie, le magasin Super U et la gendarmerie nationale, aura lieu une journ\u00e9e consacr\u00e9e aux violences faites aux femmes. \u00c0 cette occasion la journ\u00e9e enti\u00e8re sera d\u00e9di\u00e9e \u00e0 la collecte de produits d\u2019hygi\u00e8ne et de beaut\u00e9 qui seront par la suite distribu\u00e9s aux associations r\u00e9f\u00e9rentes [&hellip;]<\/p>\n","protected":false},"author":2,"featured_media":6762,"comment_status":"closed","ping_status":"closed","sticky":false,"template":"","format":"standard","meta":[],"categories":[88,90],"tags":[],"_links":{"self":[{"href":"https:\/\/mairie-curienne.fr\/index.php\/wp-json\/wp\/v2\/posts\/6761"}],"collection":[{"href":"https:\/\/mairie-curienne.fr\/index.php\/wp-json\/wp\/v2\/posts"}],"about":[{"href":"https:\/\/mairie-curienne.fr\/index.php\/wp-json\/wp\/v2\/types\/post"}],"author":[{"embeddable":true,"href":"https:\/\/mairie-curienne.fr\/index.php\/wp-json\/wp\/v2\/users\/2"}],"replies":[{"embeddable":true,"href":"https:\/\/mairie-curienne.fr\/index.php\/wp-json\/wp\/v2\/comments?post=6761"}],"version-history":[{"count":20,"href":"https:\/\/mairie-curienne.fr\/index.php\/wp-json\/wp\/v2\/posts\/6761\/revisions"}],"predecessor-version":[{"id":6782,"href":"https:\/\/mairie-curienne.fr\/index.php\/wp-json\/wp\/v2\/posts\/6761\/revisions\/6782"}],"wp:featuredmedia":[{"embeddable":true,"href":"https:\/\/mairie-curienne.fr\/index.php\/wp-json\/wp\/v2\/media\/6762"}],"wp:attachment":[{"href":"https:\/\/mairie-curienne.fr\/index.php\/wp-json\/wp\/v2\/media?parent=6761"}],"wp:term":[{"taxonomy":"category","embeddable":true,"href":"https:\/\/mairie-curienne.fr\/index.php\/wp-json\/wp\/v2\/categories?post=6761"},{"taxonomy":"post_tag","embeddable":true,"href":"https:\/\/mairie-curienne.fr\/index.php\/wp-json\/wp\/v2\/tags?post=6761"}],"curies":[{"name":"wp","href":"https:\/\/api.w.org\/{rel}","templated":true}]}}