{"id":6649,"date":"2023-09-08T07:55:10","date_gmt":"2023-09-08T05:55:10","guid":{"rendered":"https:\/\/mairie-curienne.fr\/?p=6649"},"modified":"2023-09-08T19:19:19","modified_gmt":"2023-09-08T17:19:19","slug":"terneze-levee-de-larrete-sur-linterdiction-des-activites-de-loisirs-aquatiques","status":"publish","type":"post","link":"https:\/\/mairie-curienne.fr\/index.php\/2023\/09\/08\/terneze-levee-de-larrete-sur-linterdiction-des-activites-de-loisirs-aquatiques\/","title":{"rendered":"[TERN\u00c8ZE] Lev\u00e9e de l&rsquo;arr\u00eat\u00e9 sur l&rsquo;interdiction des activit\u00e9s de loisirs aquatiques"},"content":{"rendered":"\t\t<div data-elementor-type=\"wp-post\" data-elementor-id=\"6649\" class=\"elementor elementor-6649\">\n\t\t\t\t\t\t<div class=\"elementor-inner\">\n\t\t\t\t<div class=\"elementor-section-wrap\">\n\t\t\t\t\t\t\t\t\t<section class=\"elementor-section elementor-top-section elementor-element elementor-element-b93c9f2 elementor-section-boxed elementor-section-height-default elementor-section-height-default\" data-id=\"b93c9f2\" data-element_type=\"section\">\n\t\t\t\t\t\t<div class=\"elementor-container elementor-column-gap-default\">\n\t\t\t\t\t\t\t<div class=\"elementor-row\">\n\t\t\t\t\t<div class=\"elementor-column elementor-col-100 elementor-top-column elementor-element elementor-element-872fb79\" data-id=\"872fb79\" data-element_type=\"column\">\n\t\t\t<div class=\"elementor-column-wrap elementor-element-populated\">\n\t\t\t\t\t\t\t<div class=\"elementor-widget-wrap\">\n\t\t\t\t\t\t<div class=\"elementor-element elementor-element-289e65d elementor-widget elementor-widget-text-editor\" data-id=\"289e65d\" data-element_type=\"widget\" data-widget_type=\"text-editor.default\">\n\t\t\t\t<div class=\"elementor-widget-container\">\n\t\t\t\t\t\t\t\t<div class=\"elementor-text-editor elementor-clearfix\">\n\t\t\t\t<p>L&rsquo;arr\u00eat\u00e9 du <strong>25 ao\u00fbt 2023<\/strong> portant sur l&rsquo;interdiction des activit\u00e9s de loisirs aquatiques est finalement lev\u00e9 \u00e0 partir du <strong>lundi 11 septembre 2023<\/strong> suite au r\u00e9sultat n\u00e9gatif de pr\u00e9sence de cyanobact\u00e9ries.<\/p>\t\t\t\t\t<\/div>\n\t\t\t\t\t\t<\/div>\n\t\t\t\t<\/div>\n\t\t\t\t\t\t<\/div>\n\t\t\t\t\t<\/div>\n\t\t<\/div>\n\t\t\t\t\t\t\t\t<\/div>\n\t\t\t\t\t<\/div>\n\t\t<\/section>\n\t\t\t\t\t\t\t\t\t<\/div>\n\t\t\t<\/div>\n\t\t\t\t\t<\/div>\n\t\t","protected":false},"excerpt":{"rendered":"<p>L&rsquo;arr\u00eat\u00e9 du 25 ao\u00fbt 2023 portant sur l&rsquo;interdiction des activit\u00e9s de loisirs aquatiques est finalement lev\u00e9 \u00e0 partir du lundi 11 septembre 2023 suite au r\u00e9sultat n\u00e9gatif de pr\u00e9sence de cyanobact\u00e9ries.<\/p>\n","protected":false},"author":2,"featured_media":6627,"comment_status":"closed","ping_status":"closed","sticky":false,"template":"","format":"standard","meta":[],"categories":[88,91],"tags":[],"_links":{"self":[{"href":"https:\/\/mairie-curienne.fr\/index.php\/wp-json\/wp\/v2\/posts\/6649"}],"collection":[{"href":"https:\/\/mairie-curienne.fr\/index.php\/wp-json\/wp\/v2\/posts"}],"about":[{"href":"https:\/\/mairie-curienne.fr\/index.php\/wp-json\/wp\/v2\/types\/post"}],"author":[{"embeddable":true,"href":"https:\/\/mairie-curienne.fr\/index.php\/wp-json\/wp\/v2\/users\/2"}],"replies":[{"embeddable":true,"href":"https:\/\/mairie-curienne.fr\/index.php\/wp-json\/wp\/v2\/comments?post=6649"}],"version-history":[{"count":13,"href":"https:\/\/mairie-curienne.fr\/index.php\/wp-json\/wp\/v2\/posts\/6649\/revisions"}],"predecessor-version":[{"id":6663,"href":"https:\/\/mairie-curienne.fr\/index.php\/wp-json\/wp\/v2\/posts\/6649\/revisions\/6663"}],"wp:featuredmedia":[{"embeddable":true,"href":"https:\/\/mairie-curienne.fr\/index.php\/wp-json\/wp\/v2\/media\/6627"}],"wp:attachment":[{"href":"https:\/\/mairie-curienne.fr\/index.php\/wp-json\/wp\/v2\/media?parent=6649"}],"wp:term":[{"taxonomy":"category","embeddable":true,"href":"https:\/\/mairie-curienne.fr\/index.php\/wp-json\/wp\/v2\/categories?post=6649"},{"taxonomy":"post_tag","embeddable":true,"href":"https:\/\/mairie-curienne.fr\/index.php\/wp-json\/wp\/v2\/tags?post=6649"}],"curies":[{"name":"wp","href":"https:\/\/api.w.org\/{rel}","templated":true}]}}