{"id":6624,"date":"2023-08-25T18:44:19","date_gmt":"2023-08-25T16:44:19","guid":{"rendered":"https:\/\/mairie-curienne.fr\/?p=6624"},"modified":"2023-08-26T11:51:49","modified_gmt":"2023-08-26T09:51:49","slug":"terneze-arrete-sur-linterdiction-des-activites-de-loisirs-aquatiques","status":"publish","type":"post","link":"https:\/\/mairie-curienne.fr\/index.php\/2023\/08\/25\/terneze-arrete-sur-linterdiction-des-activites-de-loisirs-aquatiques\/","title":{"rendered":"[TERN\u00c8ZE] Arr\u00eat\u00e9 sur l&rsquo;interdiction des activit\u00e9s de loisirs aquatiques"},"content":{"rendered":"\t\t<div data-elementor-type=\"wp-post\" data-elementor-id=\"6624\" class=\"elementor elementor-6624\">\n\t\t\t\t\t\t<div class=\"elementor-inner\">\n\t\t\t\t<div class=\"elementor-section-wrap\">\n\t\t\t\t\t\t\t\t\t<section class=\"elementor-section elementor-top-section elementor-element elementor-element-f8ab010 elementor-section-boxed elementor-section-height-default elementor-section-height-default\" data-id=\"f8ab010\" data-element_type=\"section\">\n\t\t\t\t\t\t<div class=\"elementor-container elementor-column-gap-default\">\n\t\t\t\t\t\t\t<div class=\"elementor-row\">\n\t\t\t\t\t<div class=\"elementor-column elementor-col-100 elementor-top-column elementor-element elementor-element-197eb40\" data-id=\"197eb40\" data-element_type=\"column\">\n\t\t\t<div class=\"elementor-column-wrap elementor-element-populated\">\n\t\t\t\t\t\t\t<div class=\"elementor-widget-wrap\">\n\t\t\t\t\t\t<div class=\"elementor-element elementor-element-10ee7ce elementor-widget elementor-widget-text-editor\" data-id=\"10ee7ce\" data-element_type=\"widget\" data-widget_type=\"text-editor.default\">\n\t\t\t\t<div class=\"elementor-widget-container\">\n\t\t\t\t\t\t\t\t<div class=\"elementor-text-editor elementor-clearfix\">\n\t\t\t\t<p>En raison de la suspicion de cyanobact\u00e9ries sur le site de la Tern\u00e8ze et sur les recommandations de l&rsquo;ARS, toutes les activit\u00e9s de loisirs aquatiques sont interdites \u00e0 compter du <strong>25 ao\u00fbt 2023 \u00e0 12h et jusqu&rsquo;\u00e0 nouvel ordre<\/strong>.<\/p>\n<p>Vous trouverez ci-dessous la fiche d&rsquo;information et l&rsquo;arr\u00eat\u00e9 :<\/p>\n<ul>\n<li><a href=\"https:\/\/mairie-curienne.fr\/wp-content\/uploads\/2020\/07\/0408_001.pdf\">Fiche d&rsquo;information<\/a><\/li>\n<li><a href=\"https:\/\/mairie-curienne.fr\/wp-content\/uploads\/2020\/07\/0407_001.pdf\">Arr\u00eat\u00e9<\/a><\/li>\n<\/ul>\t\t\t\t\t<\/div>\n\t\t\t\t\t\t<\/div>\n\t\t\t\t<\/div>\n\t\t\t\t\t\t<\/div>\n\t\t\t\t\t<\/div>\n\t\t<\/div>\n\t\t\t\t\t\t\t\t<\/div>\n\t\t\t\t\t<\/div>\n\t\t<\/section>\n\t\t\t\t\t\t\t\t\t<\/div>\n\t\t\t<\/div>\n\t\t\t\t\t<\/div>\n\t\t","protected":false},"excerpt":{"rendered":"<p>En raison de la suspicion de cyanobact\u00e9ries sur le site de la Tern\u00e8ze et sur les recommandations de l&rsquo;ARS, toutes les activit\u00e9s de loisirs aquatiques sont interdites \u00e0 compter du 25 ao\u00fbt 2023 \u00e0 12h et jusqu&rsquo;\u00e0 nouvel ordre. Vous trouverez ci-dessous la fiche d&rsquo;information et l&rsquo;arr\u00eat\u00e9 : Fiche d&rsquo;information Arr\u00eat\u00e9<\/p>\n","protected":false},"author":2,"featured_media":6627,"comment_status":"closed","ping_status":"closed","sticky":false,"template":"","format":"standard","meta":[],"categories":[88,91],"tags":[],"_links":{"self":[{"href":"https:\/\/mairie-curienne.fr\/index.php\/wp-json\/wp\/v2\/posts\/6624"}],"collection":[{"href":"https:\/\/mairie-curienne.fr\/index.php\/wp-json\/wp\/v2\/posts"}],"about":[{"href":"https:\/\/mairie-curienne.fr\/index.php\/wp-json\/wp\/v2\/types\/post"}],"author":[{"embeddable":true,"href":"https:\/\/mairie-curienne.fr\/index.php\/wp-json\/wp\/v2\/users\/2"}],"replies":[{"embeddable":true,"href":"https:\/\/mairie-curienne.fr\/index.php\/wp-json\/wp\/v2\/comments?post=6624"}],"version-history":[{"count":8,"href":"https:\/\/mairie-curienne.fr\/index.php\/wp-json\/wp\/v2\/posts\/6624\/revisions"}],"predecessor-version":[{"id":6639,"href":"https:\/\/mairie-curienne.fr\/index.php\/wp-json\/wp\/v2\/posts\/6624\/revisions\/6639"}],"wp:featuredmedia":[{"embeddable":true,"href":"https:\/\/mairie-curienne.fr\/index.php\/wp-json\/wp\/v2\/media\/6627"}],"wp:attachment":[{"href":"https:\/\/mairie-curienne.fr\/index.php\/wp-json\/wp\/v2\/media?parent=6624"}],"wp:term":[{"taxonomy":"category","embeddable":true,"href":"https:\/\/mairie-curienne.fr\/index.php\/wp-json\/wp\/v2\/categories?post=6624"},{"taxonomy":"post_tag","embeddable":true,"href":"https:\/\/mairie-curienne.fr\/index.php\/wp-json\/wp\/v2\/tags?post=6624"}],"curies":[{"name":"wp","href":"https:\/\/api.w.org\/{rel}","templated":true}]}}