{"id":6439,"date":"2023-01-08T22:38:01","date_gmt":"2023-01-08T21:38:01","guid":{"rendered":"https:\/\/mairie-curienne.fr\/?p=6439"},"modified":"2023-01-08T22:41:22","modified_gmt":"2023-01-08T21:41:22","slug":"voeux-de-la-municipalite","status":"publish","type":"post","link":"https:\/\/mairie-curienne.fr\/index.php\/2023\/01\/08\/voeux-de-la-municipalite\/","title":{"rendered":"V\u0153ux de la municipalit\u00e9"},"content":{"rendered":"\t\t<div data-elementor-type=\"wp-post\" data-elementor-id=\"6439\" class=\"elementor elementor-6439\">\n\t\t\t\t\t\t<div class=\"elementor-inner\">\n\t\t\t\t<div class=\"elementor-section-wrap\">\n\t\t\t\t\t\t\t\t\t<section class=\"elementor-section elementor-top-section elementor-element elementor-element-6a342a1 elementor-section-boxed elementor-section-height-default elementor-section-height-default\" data-id=\"6a342a1\" data-element_type=\"section\">\n\t\t\t\t\t\t<div class=\"elementor-container elementor-column-gap-default\">\n\t\t\t\t\t\t\t<div class=\"elementor-row\">\n\t\t\t\t\t<div class=\"elementor-column elementor-col-100 elementor-top-column elementor-element elementor-element-cd3f2a8\" data-id=\"cd3f2a8\" data-element_type=\"column\">\n\t\t\t<div class=\"elementor-column-wrap elementor-element-populated\">\n\t\t\t\t\t\t\t<div class=\"elementor-widget-wrap\">\n\t\t\t\t\t\t<div class=\"elementor-element elementor-element-c4706ec elementor-widget elementor-widget-text-editor\" data-id=\"c4706ec\" data-element_type=\"widget\" data-widget_type=\"text-editor.default\">\n\t\t\t\t<div class=\"elementor-widget-container\">\n\t\t\t\t\t\t\t\t<div class=\"elementor-text-editor elementor-clearfix\">\n\t\t\t\t<p>En ce d\u00e9but d&rsquo;ann\u00e9e, le maire et toute son \u00e9quipe vous souhaite une bonne ann\u00e9e 2023 !<\/p><p>La c\u00e9r\u00e9monie traditionnelle des v\u0153ux aura lieu le <strong>dimanche 22 janvier \u00e0 11h<\/strong> \u00e0 la salle polyvalente de Curienne, ce sera l&rsquo;occasion d&rsquo;\u00e9changer et de pr\u00e9senter les diff\u00e9rents projets \u00e0 venir autour d&rsquo;un petit buffet.<\/p><p style=\"text-align: right;\"><strong>La municipalit\u00e9<\/strong><\/p>\t\t\t\t\t<\/div>\n\t\t\t\t\t\t<\/div>\n\t\t\t\t<\/div>\n\t\t\t\t\t\t<\/div>\n\t\t\t\t\t<\/div>\n\t\t<\/div>\n\t\t\t\t\t\t\t\t<\/div>\n\t\t\t\t\t<\/div>\n\t\t<\/section>\n\t\t\t\t\t\t\t\t\t<\/div>\n\t\t\t<\/div>\n\t\t\t\t\t<\/div>\n\t\t","protected":false},"excerpt":{"rendered":"<p>En ce d\u00e9but d&rsquo;ann\u00e9e, le maire et toute son \u00e9quipe vous souhaite une bonne ann\u00e9e 2023 ! La c\u00e9r\u00e9monie traditionnelle des v\u0153ux aura lieu le dimanche 22 janvier \u00e0 11h \u00e0 la salle polyvalente de Curienne, ce sera l&rsquo;occasion d&rsquo;\u00e9changer et de pr\u00e9senter les diff\u00e9rents projets \u00e0 venir autour d&rsquo;un petit buffet. La municipalit\u00e9<\/p>\n","protected":false},"author":2,"featured_media":6392,"comment_status":"closed","ping_status":"closed","sticky":false,"template":"","format":"standard","meta":[],"categories":[88,91],"tags":[],"_links":{"self":[{"href":"https:\/\/mairie-curienne.fr\/index.php\/wp-json\/wp\/v2\/posts\/6439"}],"collection":[{"href":"https:\/\/mairie-curienne.fr\/index.php\/wp-json\/wp\/v2\/posts"}],"about":[{"href":"https:\/\/mairie-curienne.fr\/index.php\/wp-json\/wp\/v2\/types\/post"}],"author":[{"embeddable":true,"href":"https:\/\/mairie-curienne.fr\/index.php\/wp-json\/wp\/v2\/users\/2"}],"replies":[{"embeddable":true,"href":"https:\/\/mairie-curienne.fr\/index.php\/wp-json\/wp\/v2\/comments?post=6439"}],"version-history":[{"count":8,"href":"https:\/\/mairie-curienne.fr\/index.php\/wp-json\/wp\/v2\/posts\/6439\/revisions"}],"predecessor-version":[{"id":6846,"href":"https:\/\/mairie-curienne.fr\/index.php\/wp-json\/wp\/v2\/posts\/6439\/revisions\/6846"}],"wp:featuredmedia":[{"embeddable":true,"href":"https:\/\/mairie-curienne.fr\/index.php\/wp-json\/wp\/v2\/media\/6392"}],"wp:attachment":[{"href":"https:\/\/mairie-curienne.fr\/index.php\/wp-json\/wp\/v2\/media?parent=6439"}],"wp:term":[{"taxonomy":"category","embeddable":true,"href":"https:\/\/mairie-curienne.fr\/index.php\/wp-json\/wp\/v2\/categories?post=6439"},{"taxonomy":"post_tag","embeddable":true,"href":"https:\/\/mairie-curienne.fr\/index.php\/wp-json\/wp\/v2\/tags?post=6439"}],"curies":[{"name":"wp","href":"https:\/\/api.w.org\/{rel}","templated":true}]}}