{"id":6156,"date":"2022-08-28T21:18:28","date_gmt":"2022-08-28T19:18:28","guid":{"rendered":"https:\/\/mairie-curienne.fr\/?p=6156"},"modified":"2022-08-28T21:18:30","modified_gmt":"2022-08-28T19:18:30","slug":"festival-de-vtt-a-la-thuile","status":"publish","type":"post","link":"https:\/\/mairie-curienne.fr\/index.php\/2022\/08\/28\/festival-de-vtt-a-la-thuile\/","title":{"rendered":"Festival de VTT \u00e0 La Thuile"},"content":{"rendered":"\t\t<div data-elementor-type=\"wp-post\" data-elementor-id=\"6156\" class=\"elementor elementor-6156\">\n\t\t\t\t\t\t<div class=\"elementor-inner\">\n\t\t\t\t<div class=\"elementor-section-wrap\">\n\t\t\t\t\t\t\t\t\t<section class=\"elementor-section elementor-top-section elementor-element elementor-element-f10ea3c elementor-section-boxed elementor-section-height-default elementor-section-height-default\" data-id=\"f10ea3c\" data-element_type=\"section\">\n\t\t\t\t\t\t<div class=\"elementor-container elementor-column-gap-default\">\n\t\t\t\t\t\t\t<div class=\"elementor-row\">\n\t\t\t\t\t<div class=\"elementor-column elementor-col-100 elementor-top-column elementor-element elementor-element-43e2c50\" data-id=\"43e2c50\" data-element_type=\"column\">\n\t\t\t<div class=\"elementor-column-wrap elementor-element-populated\">\n\t\t\t\t\t\t\t<div class=\"elementor-widget-wrap\">\n\t\t\t\t\t\t<div class=\"elementor-element elementor-element-a4cdb22 elementor-widget elementor-widget-text-editor\" data-id=\"a4cdb22\" data-element_type=\"widget\" data-widget_type=\"text-editor.default\">\n\t\t\t\t<div class=\"elementor-widget-container\">\n\t\t\t\t\t\t\t\t<div class=\"elementor-text-editor elementor-clearfix\">\n\t\t\t\t<p>Le Sou de l&rsquo;\u00e9cole de La Thuile organise un festival de VTT le <strong>samedi 10 septembre<\/strong>.<\/p><p>Pour en savoir davantage et vous inscrire si vous le souhaitez :<\/p><ul><li>le site internet : <a href=\"http:\/\/www.labikettedesbauges.fr\/\" data-saferedirecturl=\"https:\/\/www.google.com\/url?q=http:\/\/www.labikettedesbauges.fr\/&amp;source=gmail&amp;ust=1661785174664000&amp;usg=AOvVaw0j0B-RYokgiV05rVfvkufN\">www.labikettedesbauges.fr\/<\/a><\/li><li>le teaser : <a href=\"http:\/\/https\/www.youtube.com\/watch?v=x22jmJWgkiQ\" data-saferedirecturl=\"https:\/\/www.google.com\/url?q=http:\/\/https\/www.youtube.com\/watch?v%3Dx22jmJWgkiQ&amp;source=gmail&amp;ust=1661785174664000&amp;usg=AOvVaw1lJFmBNq4JVsnDaLma5Qx3\">https:\/\/www.youtube.com\/watch?v=x22jmJWgkiQ<\/a><\/li><\/ul><p>Si vous souhaitez contribuer en tant que b\u00e9n\u00e9vole, nous vous invitons \u00e0 contacter le bureau du Sou de l&rsquo;\u00e9cole de La Thuile via cette adresse mail:\u00a0<a href=\"http:\/\/soudelecoledelathuile@yahoo.com\/\" data-saferedirecturl=\"https:\/\/www.google.com\/url?q=http:\/\/soudelecoledelathuile@yahoo.com&amp;source=gmail&amp;ust=1661785174664000&amp;usg=AOvVaw3PSn8MlE-5UvtqnaS74QCV\">soudelecoledelathuile@yahoo.com<\/a><\/p><p>Sportif.ve.s et moins sportif.ve.s, en famille, entre amis ou solo, le village du festival (site de la salle des f\u00eates) est pens\u00e9 pour vous permettre de vivre d&rsquo;agr\u00e9ables moments. Au plaisir de vous accueillir pour partager des instants \u00e0 la fois festifs et sportifs !<\/p><p style=\"text-align: right;\"><strong>L&rsquo;\u00e9quipe de La Bikette des Bauges<\/strong><\/p>\t\t\t\t\t<\/div>\n\t\t\t\t\t\t<\/div>\n\t\t\t\t<\/div>\n\t\t\t\t\t\t<\/div>\n\t\t\t\t\t<\/div>\n\t\t<\/div>\n\t\t\t\t\t\t\t\t<\/div>\n\t\t\t\t\t<\/div>\n\t\t<\/section>\n\t\t\t\t\t\t\t\t\t<\/div>\n\t\t\t<\/div>\n\t\t\t\t\t<\/div>\n\t\t","protected":false},"excerpt":{"rendered":"<p>Le Sou de l&rsquo;\u00e9cole de La Thuile organise un festival de VTT le samedi 10 septembre. Pour en savoir davantage et vous inscrire si vous le souhaitez : le site internet : www.labikettedesbauges.fr\/ le teaser : https:\/\/www.youtube.com\/watch?v=x22jmJWgkiQ Si vous souhaitez contribuer en tant que b\u00e9n\u00e9vole, nous vous invitons \u00e0 contacter le bureau du Sou de [&hellip;]<\/p>\n","protected":false},"author":2,"featured_media":6177,"comment_status":"closed","ping_status":"closed","sticky":false,"template":"","format":"standard","meta":[],"categories":[88,90],"tags":[],"_links":{"self":[{"href":"https:\/\/mairie-curienne.fr\/index.php\/wp-json\/wp\/v2\/posts\/6156"}],"collection":[{"href":"https:\/\/mairie-curienne.fr\/index.php\/wp-json\/wp\/v2\/posts"}],"about":[{"href":"https:\/\/mairie-curienne.fr\/index.php\/wp-json\/wp\/v2\/types\/post"}],"author":[{"embeddable":true,"href":"https:\/\/mairie-curienne.fr\/index.php\/wp-json\/wp\/v2\/users\/2"}],"replies":[{"embeddable":true,"href":"https:\/\/mairie-curienne.fr\/index.php\/wp-json\/wp\/v2\/comments?post=6156"}],"version-history":[{"count":5,"href":"https:\/\/mairie-curienne.fr\/index.php\/wp-json\/wp\/v2\/posts\/6156\/revisions"}],"predecessor-version":[{"id":6178,"href":"https:\/\/mairie-curienne.fr\/index.php\/wp-json\/wp\/v2\/posts\/6156\/revisions\/6178"}],"wp:featuredmedia":[{"embeddable":true,"href":"https:\/\/mairie-curienne.fr\/index.php\/wp-json\/wp\/v2\/media\/6177"}],"wp:attachment":[{"href":"https:\/\/mairie-curienne.fr\/index.php\/wp-json\/wp\/v2\/media?parent=6156"}],"wp:term":[{"taxonomy":"category","embeddable":true,"href":"https:\/\/mairie-curienne.fr\/index.php\/wp-json\/wp\/v2\/categories?post=6156"},{"taxonomy":"post_tag","embeddable":true,"href":"https:\/\/mairie-curienne.fr\/index.php\/wp-json\/wp\/v2\/tags?post=6156"}],"curies":[{"name":"wp","href":"https:\/\/api.w.org\/{rel}","templated":true}]}}