{"id":6147,"date":"2022-08-14T17:51:09","date_gmt":"2022-08-14T15:51:09","guid":{"rendered":"https:\/\/mairie-curienne.fr\/?p=6147"},"modified":"2022-08-14T18:52:01","modified_gmt":"2022-08-14T16:52:01","slug":"reprise-cours-pilates-rentree-2022","status":"publish","type":"post","link":"https:\/\/mairie-curienne.fr\/index.php\/2022\/08\/14\/reprise-cours-pilates-rentree-2022\/","title":{"rendered":"Reprise cours Pilates rentr\u00e9e 2022"},"content":{"rendered":"\t\t<div data-elementor-type=\"wp-post\" data-elementor-id=\"6147\" class=\"elementor elementor-6147\">\n\t\t\t\t\t\t<div class=\"elementor-inner\">\n\t\t\t\t<div class=\"elementor-section-wrap\">\n\t\t\t\t\t\t\t\t\t<section class=\"elementor-section elementor-top-section elementor-element elementor-element-437ac03 elementor-section-boxed elementor-section-height-default elementor-section-height-default\" data-id=\"437ac03\" data-element_type=\"section\">\n\t\t\t\t\t\t<div class=\"elementor-container elementor-column-gap-default\">\n\t\t\t\t\t\t\t<div class=\"elementor-row\">\n\t\t\t\t\t<div class=\"elementor-column elementor-col-100 elementor-top-column elementor-element elementor-element-0c09a4f\" data-id=\"0c09a4f\" data-element_type=\"column\">\n\t\t\t<div class=\"elementor-column-wrap elementor-element-populated\">\n\t\t\t\t\t\t\t<div class=\"elementor-widget-wrap\">\n\t\t\t\t\t\t<div class=\"elementor-element elementor-element-cfefe90 elementor-widget elementor-widget-text-editor\" data-id=\"cfefe90\" data-element_type=\"widget\" data-widget_type=\"text-editor.default\">\n\t\t\t\t<div class=\"elementor-widget-container\">\n\t\t\t\t\t\t\t\t<div class=\"elementor-text-editor elementor-clearfix\">\n\t\t\t\t<p>Une petite note pour vous informer de la reprise de mon cours de Pilates, qui aura lieu le <strong>mardi 13 septembre<\/strong> \u00e0 <strong>19h30<\/strong>.<\/p><p>Ce sera un cours d\u2019essai, avec une possible inscription \u00e0 l\u2019issue du cours.<\/p><p>Dans l&rsquo;attente de vous retrouver tr\u00e8s vite \u00e0 la rentr\u00e9e !<\/p><p style=\"text-align: right;\"><strong>Plancher Mathilde<\/strong><\/p>\t\t\t\t\t<\/div>\n\t\t\t\t\t\t<\/div>\n\t\t\t\t<\/div>\n\t\t\t\t\t\t<\/div>\n\t\t\t\t\t<\/div>\n\t\t<\/div>\n\t\t\t\t\t\t\t\t<\/div>\n\t\t\t\t\t<\/div>\n\t\t<\/section>\n\t\t\t\t\t\t\t\t\t<\/div>\n\t\t\t<\/div>\n\t\t\t\t\t<\/div>\n\t\t","protected":false},"excerpt":{"rendered":"<p>Une petite note pour vous informer de la reprise de mon cours de Pilates, qui aura lieu le mardi 13 septembre \u00e0 19h30. Ce sera un cours d\u2019essai, avec une possible inscription \u00e0 l\u2019issue du cours. Dans l&rsquo;attente de vous retrouver tr\u00e8s vite \u00e0 la rentr\u00e9e ! Plancher Mathilde<\/p>\n","protected":false},"author":2,"featured_media":0,"comment_status":"closed","ping_status":"closed","sticky":false,"template":"","format":"standard","meta":[],"categories":[88,90],"tags":[],"_links":{"self":[{"href":"https:\/\/mairie-curienne.fr\/index.php\/wp-json\/wp\/v2\/posts\/6147"}],"collection":[{"href":"https:\/\/mairie-curienne.fr\/index.php\/wp-json\/wp\/v2\/posts"}],"about":[{"href":"https:\/\/mairie-curienne.fr\/index.php\/wp-json\/wp\/v2\/types\/post"}],"author":[{"embeddable":true,"href":"https:\/\/mairie-curienne.fr\/index.php\/wp-json\/wp\/v2\/users\/2"}],"replies":[{"embeddable":true,"href":"https:\/\/mairie-curienne.fr\/index.php\/wp-json\/wp\/v2\/comments?post=6147"}],"version-history":[{"count":7,"href":"https:\/\/mairie-curienne.fr\/index.php\/wp-json\/wp\/v2\/posts\/6147\/revisions"}],"predecessor-version":[{"id":6154,"href":"https:\/\/mairie-curienne.fr\/index.php\/wp-json\/wp\/v2\/posts\/6147\/revisions\/6154"}],"wp:attachment":[{"href":"https:\/\/mairie-curienne.fr\/index.php\/wp-json\/wp\/v2\/media?parent=6147"}],"wp:term":[{"taxonomy":"category","embeddable":true,"href":"https:\/\/mairie-curienne.fr\/index.php\/wp-json\/wp\/v2\/categories?post=6147"},{"taxonomy":"post_tag","embeddable":true,"href":"https:\/\/mairie-curienne.fr\/index.php\/wp-json\/wp\/v2\/tags?post=6147"}],"curies":[{"name":"wp","href":"https:\/\/api.w.org\/{rel}","templated":true}]}}