{"id":6142,"date":"2022-08-14T17:45:42","date_gmt":"2022-08-14T15:45:42","guid":{"rendered":"https:\/\/mairie-curienne.fr\/?p=6142"},"modified":"2022-08-14T17:47:50","modified_gmt":"2022-08-14T15:47:50","slug":"risques-dincendie-prolongation","status":"publish","type":"post","link":"https:\/\/mairie-curienne.fr\/index.php\/2022\/08\/14\/risques-dincendie-prolongation\/","title":{"rendered":"Risques d&rsquo;incendie (prolongation)"},"content":{"rendered":"\t\t<div data-elementor-type=\"wp-post\" data-elementor-id=\"6142\" class=\"elementor elementor-6142\">\n\t\t\t\t\t\t<div class=\"elementor-inner\">\n\t\t\t\t<div class=\"elementor-section-wrap\">\n\t\t\t\t\t\t\t\t\t<section class=\"elementor-section elementor-top-section elementor-element elementor-element-f67509f elementor-section-boxed elementor-section-height-default elementor-section-height-default\" data-id=\"f67509f\" data-element_type=\"section\">\n\t\t\t\t\t\t<div class=\"elementor-container elementor-column-gap-default\">\n\t\t\t\t\t\t\t<div class=\"elementor-row\">\n\t\t\t\t\t<div class=\"elementor-column elementor-col-100 elementor-top-column elementor-element elementor-element-9cfde66\" data-id=\"9cfde66\" data-element_type=\"column\">\n\t\t\t<div class=\"elementor-column-wrap elementor-element-populated\">\n\t\t\t\t\t\t\t<div class=\"elementor-widget-wrap\">\n\t\t\t\t\t\t<div class=\"elementor-element elementor-element-c2c8418 elementor-widget elementor-widget-text-editor\" data-id=\"c2c8418\" data-element_type=\"widget\" data-widget_type=\"text-editor.default\">\n\t\t\t\t<div class=\"elementor-widget-container\">\n\t\t\t\t\t\t\t\t<div class=\"elementor-text-editor elementor-clearfix\">\n\t\t\t\t<p><span style=\"font-family: var( --e-global-typography-text-font-family ), Sans-serif; font-weight: var( --e-global-typography-text-font-weight ); letter-spacing: 0px;\">En raison de la s\u00e9cheresse et des risques d&rsquo;incendie li\u00e9s, la randonn\u00e9e sous toutes ses formes : p\u00e9destre, \u00e9questre, VTT, motoris\u00e9e, <\/span><strong style=\"font-family: var( --e-global-typography-text-font-family ), Sans-serif; letter-spacing: 0px;\">est strictement interdite<\/strong><span style=\"font-family: var( --e-global-typography-text-font-family ), Sans-serif; font-weight: var( --e-global-typography-text-font-weight ); letter-spacing: 0px;\"> sur tout le p\u00e9rim\u00e8tre du massif du Mont Saint-Michel et du Grand Joueret.<\/span><br><\/p>\n<p>Cette interdiction est prolong\u00e9e jusqu&rsquo;au <b>dimanche 4 septembre 2022<\/b>.<\/p>\n<p>Merci de votre compr\u00e9hension et de votre vigilance dans la pr\u00e9vention des risques li\u00e9s aux incendies.<\/p>\n<p style=\"text-align: right;\"><strong>St\u00e9phane Bochet, Maire de Curienne<\/strong><\/p>\t\t\t\t\t<\/div>\n\t\t\t\t\t\t<\/div>\n\t\t\t\t<\/div>\n\t\t\t\t\t\t<\/div>\n\t\t\t\t\t<\/div>\n\t\t<\/div>\n\t\t\t\t\t\t\t\t<\/div>\n\t\t\t\t\t<\/div>\n\t\t<\/section>\n\t\t\t\t\t\t\t\t\t<\/div>\n\t\t\t<\/div>\n\t\t\t\t\t<\/div>\n\t\t","protected":false},"excerpt":{"rendered":"<p>En raison de la s\u00e9cheresse et des risques d&rsquo;incendie li\u00e9s, la randonn\u00e9e sous toutes ses formes : p\u00e9destre, \u00e9questre, VTT, motoris\u00e9e, est strictement interdite sur tout le p\u00e9rim\u00e8tre du massif du Mont Saint-Michel et du Grand Joueret. Cette interdiction est prolong\u00e9e jusqu&rsquo;au dimanche 4 septembre 2022. Merci de votre compr\u00e9hension et de votre vigilance dans [&hellip;]<\/p>\n","protected":false},"author":2,"featured_media":6129,"comment_status":"closed","ping_status":"closed","sticky":false,"template":"","format":"standard","meta":[],"categories":[88,91],"tags":[],"_links":{"self":[{"href":"https:\/\/mairie-curienne.fr\/index.php\/wp-json\/wp\/v2\/posts\/6142"}],"collection":[{"href":"https:\/\/mairie-curienne.fr\/index.php\/wp-json\/wp\/v2\/posts"}],"about":[{"href":"https:\/\/mairie-curienne.fr\/index.php\/wp-json\/wp\/v2\/types\/post"}],"author":[{"embeddable":true,"href":"https:\/\/mairie-curienne.fr\/index.php\/wp-json\/wp\/v2\/users\/2"}],"replies":[{"embeddable":true,"href":"https:\/\/mairie-curienne.fr\/index.php\/wp-json\/wp\/v2\/comments?post=6142"}],"version-history":[{"count":4,"href":"https:\/\/mairie-curienne.fr\/index.php\/wp-json\/wp\/v2\/posts\/6142\/revisions"}],"predecessor-version":[{"id":6146,"href":"https:\/\/mairie-curienne.fr\/index.php\/wp-json\/wp\/v2\/posts\/6142\/revisions\/6146"}],"wp:featuredmedia":[{"embeddable":true,"href":"https:\/\/mairie-curienne.fr\/index.php\/wp-json\/wp\/v2\/media\/6129"}],"wp:attachment":[{"href":"https:\/\/mairie-curienne.fr\/index.php\/wp-json\/wp\/v2\/media?parent=6142"}],"wp:term":[{"taxonomy":"category","embeddable":true,"href":"https:\/\/mairie-curienne.fr\/index.php\/wp-json\/wp\/v2\/categories?post=6142"},{"taxonomy":"post_tag","embeddable":true,"href":"https:\/\/mairie-curienne.fr\/index.php\/wp-json\/wp\/v2\/tags?post=6142"}],"curies":[{"name":"wp","href":"https:\/\/api.w.org\/{rel}","templated":true}]}}