{"id":6127,"date":"2022-07-28T15:01:00","date_gmt":"2022-07-28T13:01:00","guid":{"rendered":"https:\/\/mairie-curienne.fr\/?p=6127"},"modified":"2022-07-28T21:31:15","modified_gmt":"2022-07-28T19:31:15","slug":"risques-dincendie","status":"publish","type":"post","link":"https:\/\/mairie-curienne.fr\/index.php\/2022\/07\/28\/risques-dincendie\/","title":{"rendered":"Risques d&rsquo;incendie"},"content":{"rendered":"\t\t<div data-elementor-type=\"wp-post\" data-elementor-id=\"6127\" class=\"elementor elementor-6127\">\n\t\t\t\t\t\t<div class=\"elementor-inner\">\n\t\t\t\t<div class=\"elementor-section-wrap\">\n\t\t\t\t\t\t\t\t\t<section class=\"elementor-section elementor-top-section elementor-element elementor-element-ec8ead9 elementor-section-boxed elementor-section-height-default elementor-section-height-default\" data-id=\"ec8ead9\" data-element_type=\"section\">\n\t\t\t\t\t\t<div class=\"elementor-container elementor-column-gap-default\">\n\t\t\t\t\t\t\t<div class=\"elementor-row\">\n\t\t\t\t\t<div class=\"elementor-column elementor-col-100 elementor-top-column elementor-element elementor-element-ea19ebe\" data-id=\"ea19ebe\" data-element_type=\"column\">\n\t\t\t<div class=\"elementor-column-wrap elementor-element-populated\">\n\t\t\t\t\t\t\t<div class=\"elementor-widget-wrap\">\n\t\t\t\t\t\t<div class=\"elementor-element elementor-element-1b5d4a3 elementor-widget elementor-widget-text-editor\" data-id=\"1b5d4a3\" data-element_type=\"widget\" data-widget_type=\"text-editor.default\">\n\t\t\t\t<div class=\"elementor-widget-container\">\n\t\t\t\t\t\t\t\t<div class=\"elementor-text-editor elementor-clearfix\">\n\t\t\t\t<p>En raison de la s\u00e9cheresse et des risques d&rsquo;incendie li\u00e9s, la randonn\u00e9e sous toutes ses formes : p\u00e9destre, \u00e9questre, VTT, motoris\u00e9e, <strong>est strictement interdite<\/strong> sur tout le p\u00e9rim\u00e8tre du massif du Mont Saint-Michel et du Grand Joueret.<\/p><p>Cette interdiction s&rsquo;applique entre le <strong>samedi 23 juillet 2022<\/strong> et le <strong>lundi 15 ao\u00fbt 2022<\/strong>.<\/p><p>Pour avoir l&rsquo;int\u00e9gralit\u00e9 des d\u00e9tails et notamment la liste des chemins concern\u00e9s, merci de vous r\u00e9f\u00e9rer au <a href=\"https:\/\/mairie-curienne.fr\/wp-content\/uploads\/2020\/07\/SKMBT_28322072219210.pdf\">d<\/a><a href=\"https:\/\/mairie-curienne.fr\/wp-content\/uploads\/2020\/07\/SKMBT_28322072219210.pdf\">ocument de l&rsquo;arr\u00eat\u00e9 communal<\/a>.<\/p><p>Les communes de <strong>Barby<\/strong>, <strong>Challes-les-Eaux<\/strong> et <strong>Saint-Jeoire<\/strong> ont elles aussi pris un arr\u00eat\u00e9 dans ce sens :<\/p><ul><li><a href=\"http:\/\/www.barby73.fr\/actualite\/7738\/8099-randonnee-sous-toutes-ses-formes-interdite-sur-le-territoire-communal-en-raison-du-risque-d-incendie-sur-le-massif-du-mont-st-michel.htm\">Arr\u00eat\u00e9 de Barby<\/a><\/li><li><a href=\"http:\/\/www.ville-challesleseaux.fr\/actualites\/info-rando-risques-d-incendie\">Arr\u00eat\u00e9 de Challes-les-Eaux<\/a><\/li><li><a href=\"http:\/\/www.saintjeoireprieure.fr\/fr\/actualite\/256014\/interdiction-acces-mont-saint-michel\">Arr\u00eat\u00e9 de Saint-Jeoire<\/a><\/li><\/ul><p>Merci de votre compr\u00e9hension et de votre vigilance dans la pr\u00e9vention des risques li\u00e9s aux incendies.<\/p><p style=\"text-align: right;\"><strong>St\u00e9phane Bochet, Maire de Curienne<\/strong><\/p>\t\t\t\t\t<\/div>\n\t\t\t\t\t\t<\/div>\n\t\t\t\t<\/div>\n\t\t\t\t\t\t<\/div>\n\t\t\t\t\t<\/div>\n\t\t<\/div>\n\t\t\t\t\t\t\t\t<\/div>\n\t\t\t\t\t<\/div>\n\t\t<\/section>\n\t\t\t\t\t\t\t\t\t<\/div>\n\t\t\t<\/div>\n\t\t\t\t\t<\/div>\n\t\t","protected":false},"excerpt":{"rendered":"<p>En raison de la s\u00e9cheresse et des risques d&rsquo;incendie li\u00e9s, la randonn\u00e9e sous toutes ses formes : p\u00e9destre, \u00e9questre, VTT, motoris\u00e9e, est strictement interdite sur tout le p\u00e9rim\u00e8tre du massif du Mont Saint-Michel et du Grand Joueret. Cette interdiction s&rsquo;applique entre le samedi 23 juillet 2022 et le lundi 15 ao\u00fbt 2022. Pour avoir l&rsquo;int\u00e9gralit\u00e9 [&hellip;]<\/p>\n","protected":false},"author":2,"featured_media":6129,"comment_status":"closed","ping_status":"closed","sticky":false,"template":"","format":"standard","meta":[],"categories":[88,91],"tags":[],"_links":{"self":[{"href":"https:\/\/mairie-curienne.fr\/index.php\/wp-json\/wp\/v2\/posts\/6127"}],"collection":[{"href":"https:\/\/mairie-curienne.fr\/index.php\/wp-json\/wp\/v2\/posts"}],"about":[{"href":"https:\/\/mairie-curienne.fr\/index.php\/wp-json\/wp\/v2\/types\/post"}],"author":[{"embeddable":true,"href":"https:\/\/mairie-curienne.fr\/index.php\/wp-json\/wp\/v2\/users\/2"}],"replies":[{"embeddable":true,"href":"https:\/\/mairie-curienne.fr\/index.php\/wp-json\/wp\/v2\/comments?post=6127"}],"version-history":[{"count":10,"href":"https:\/\/mairie-curienne.fr\/index.php\/wp-json\/wp\/v2\/posts\/6127\/revisions"}],"predecessor-version":[{"id":6140,"href":"https:\/\/mairie-curienne.fr\/index.php\/wp-json\/wp\/v2\/posts\/6127\/revisions\/6140"}],"wp:featuredmedia":[{"embeddable":true,"href":"https:\/\/mairie-curienne.fr\/index.php\/wp-json\/wp\/v2\/media\/6129"}],"wp:attachment":[{"href":"https:\/\/mairie-curienne.fr\/index.php\/wp-json\/wp\/v2\/media?parent=6127"}],"wp:term":[{"taxonomy":"category","embeddable":true,"href":"https:\/\/mairie-curienne.fr\/index.php\/wp-json\/wp\/v2\/categories?post=6127"},{"taxonomy":"post_tag","embeddable":true,"href":"https:\/\/mairie-curienne.fr\/index.php\/wp-json\/wp\/v2\/tags?post=6127"}],"curies":[{"name":"wp","href":"https:\/\/api.w.org\/{rel}","templated":true}]}}