{"id":6034,"date":"2022-06-17T21:09:39","date_gmt":"2022-06-17T19:09:39","guid":{"rendered":"https:\/\/mairie-curienne.fr\/?p=6034"},"modified":"2022-06-17T21:11:35","modified_gmt":"2022-06-17T19:11:35","slug":"centre-de-loisirs-ete-2022","status":"publish","type":"post","link":"https:\/\/mairie-curienne.fr\/index.php\/2022\/06\/17\/centre-de-loisirs-ete-2022\/","title":{"rendered":"Centre de loisirs \u00e9t\u00e9 2022"},"content":{"rendered":"\t\t<div data-elementor-type=\"wp-post\" data-elementor-id=\"6034\" class=\"elementor elementor-6034\">\n\t\t\t\t\t\t<div class=\"elementor-inner\">\n\t\t\t\t<div class=\"elementor-section-wrap\">\n\t\t\t\t\t\t\t\t\t<section class=\"elementor-section elementor-top-section elementor-element elementor-element-0eff419 elementor-section-boxed elementor-section-height-default elementor-section-height-default\" data-id=\"0eff419\" data-element_type=\"section\">\n\t\t\t\t\t\t<div class=\"elementor-container elementor-column-gap-default\">\n\t\t\t\t\t\t\t<div class=\"elementor-row\">\n\t\t\t\t\t<div class=\"elementor-column elementor-col-100 elementor-top-column elementor-element elementor-element-65ee279\" data-id=\"65ee279\" data-element_type=\"column\">\n\t\t\t<div class=\"elementor-column-wrap elementor-element-populated\">\n\t\t\t\t\t\t\t<div class=\"elementor-widget-wrap\">\n\t\t\t\t\t\t<div class=\"elementor-element elementor-element-97db77f elementor-widget elementor-widget-text-editor\" data-id=\"97db77f\" data-element_type=\"widget\" data-widget_type=\"text-editor.default\">\n\t\t\t\t<div class=\"elementor-widget-container\">\n\t\t\t\t\t\t\t\t<div class=\"elementor-text-editor elementor-clearfix\">\n\t\t\t\t<p>Le centre de loisirs aura lieu dans l&rsquo;\u00e9cole \u00e9l\u00e9mentaire de Curienne. L&rsquo;acc\u00e8s se fait par la cours de l&rsquo;\u00e9cole.<\/p>\n<p>Le centre de loisirs sera ouvert du <b>11 juillet<\/b> au <b>28 juillet 2022<\/b>.<\/p>\n<p>Les inscriptions :<\/p>\n<ul>\n<li>D\u00e9marrent pour les familles du SICSAL le lundi 13\/06\/2022 \u00e0 8h par mail<\/li>\n<li>D\u00e9marrent pour les familles du SICSAL le jeudi 23\/06\/2022 \u00e0 8h par mail<\/li>\n<\/ul>\n<p>Retrouvez ci-dessous le programme et les permanences pour cet \u00e9t\u00e9 2022 :<\/p>\n<ul>\n<li><a href=\"https:\/\/mairie-curienne.fr\/wp-content\/uploads\/2020\/07\/LesMarmottesProgrammeAnimationJuillet2022.pdf\">Programme du centre de loisirs<\/a><\/li>\n<li><a href=\"https:\/\/mairie-curienne.fr\/wp-content\/uploads\/2020\/07\/LesMarmottesAffichePermananceJuillet2022.pdf\">Permanences du centre de loisirs<\/a><\/li>\n<\/ul>\t\t\t\t\t<\/div>\n\t\t\t\t\t\t<\/div>\n\t\t\t\t<\/div>\n\t\t\t\t\t\t<\/div>\n\t\t\t\t\t<\/div>\n\t\t<\/div>\n\t\t\t\t\t\t\t\t<\/div>\n\t\t\t\t\t<\/div>\n\t\t<\/section>\n\t\t\t\t\t\t\t\t\t<\/div>\n\t\t\t<\/div>\n\t\t\t\t\t<\/div>\n\t\t","protected":false},"excerpt":{"rendered":"<p>Le centre de loisirs aura lieu dans l&rsquo;\u00e9cole \u00e9l\u00e9mentaire de Curienne. L&rsquo;acc\u00e8s se fait par la cours de l&rsquo;\u00e9cole. Le centre de loisirs sera ouvert du 11 juillet au 28 juillet 2022. Les inscriptions : D\u00e9marrent pour les familles du SICSAL le lundi 13\/06\/2022 \u00e0 8h par mail D\u00e9marrent pour les familles du SICSAL le [&hellip;]<\/p>\n","protected":false},"author":2,"featured_media":6037,"comment_status":"closed","ping_status":"closed","sticky":false,"template":"","format":"standard","meta":[],"categories":[88,89],"tags":[],"_links":{"self":[{"href":"https:\/\/mairie-curienne.fr\/index.php\/wp-json\/wp\/v2\/posts\/6034"}],"collection":[{"href":"https:\/\/mairie-curienne.fr\/index.php\/wp-json\/wp\/v2\/posts"}],"about":[{"href":"https:\/\/mairie-curienne.fr\/index.php\/wp-json\/wp\/v2\/types\/post"}],"author":[{"embeddable":true,"href":"https:\/\/mairie-curienne.fr\/index.php\/wp-json\/wp\/v2\/users\/2"}],"replies":[{"embeddable":true,"href":"https:\/\/mairie-curienne.fr\/index.php\/wp-json\/wp\/v2\/comments?post=6034"}],"version-history":[{"count":4,"href":"https:\/\/mairie-curienne.fr\/index.php\/wp-json\/wp\/v2\/posts\/6034\/revisions"}],"predecessor-version":[{"id":6041,"href":"https:\/\/mairie-curienne.fr\/index.php\/wp-json\/wp\/v2\/posts\/6034\/revisions\/6041"}],"wp:featuredmedia":[{"embeddable":true,"href":"https:\/\/mairie-curienne.fr\/index.php\/wp-json\/wp\/v2\/media\/6037"}],"wp:attachment":[{"href":"https:\/\/mairie-curienne.fr\/index.php\/wp-json\/wp\/v2\/media?parent=6034"}],"wp:term":[{"taxonomy":"category","embeddable":true,"href":"https:\/\/mairie-curienne.fr\/index.php\/wp-json\/wp\/v2\/categories?post=6034"},{"taxonomy":"post_tag","embeddable":true,"href":"https:\/\/mairie-curienne.fr\/index.php\/wp-json\/wp\/v2\/tags?post=6034"}],"curies":[{"name":"wp","href":"https:\/\/api.w.org\/{rel}","templated":true}]}}