{"id":6027,"date":"2022-06-17T20:53:41","date_gmt":"2022-06-17T18:53:41","guid":{"rendered":"https:\/\/mairie-curienne.fr\/?p=6027"},"modified":"2025-06-19T21:48:00","modified_gmt":"2025-06-19T19:48:00","slug":"dechetterie-mobile-le-retour","status":"publish","type":"post","link":"https:\/\/mairie-curienne.fr\/index.php\/2022\/06\/17\/dechetterie-mobile-le-retour\/","title":{"rendered":"D\u00e9chetterie mobile (le retour)"},"content":{"rendered":"\t\t<div data-elementor-type=\"wp-post\" data-elementor-id=\"6027\" class=\"elementor elementor-6027\">\n\t\t\t\t\t\t<div class=\"elementor-inner\">\n\t\t\t\t<div class=\"elementor-section-wrap\">\n\t\t\t\t\t\t\t\t\t<section class=\"elementor-section elementor-top-section elementor-element elementor-element-54b5edc elementor-section-boxed elementor-section-height-default elementor-section-height-default\" data-id=\"54b5edc\" data-element_type=\"section\">\n\t\t\t\t\t\t<div class=\"elementor-container elementor-column-gap-default\">\n\t\t\t\t\t\t\t<div class=\"elementor-row\">\n\t\t\t\t\t<div class=\"elementor-column elementor-col-100 elementor-top-column elementor-element elementor-element-82c404b\" data-id=\"82c404b\" data-element_type=\"column\">\n\t\t\t<div class=\"elementor-column-wrap elementor-element-populated\">\n\t\t\t\t\t\t\t<div class=\"elementor-widget-wrap\">\n\t\t\t\t\t\t<div class=\"elementor-element elementor-element-ce90723 elementor-widget elementor-widget-text-editor\" data-id=\"ce90723\" data-element_type=\"widget\" data-widget_type=\"text-editor.default\">\n\t\t\t\t<div class=\"elementor-widget-container\">\n\t\t\t\t\t\t\t\t<div class=\"elementor-text-editor elementor-clearfix\">\n\t\t\t\t<p>Le vendredi <strong>22 juillet<\/strong> de <strong>9h<\/strong> \u00e0 <strong>15h<\/strong>, la d\u00e9chetterie mobile de l&rsquo;agglom\u00e9ration revient sur notre commune.<\/p><p>L&rsquo;espace d\u00e9chetterie sera de nouveau install\u00e9 sur le parking de la salle des f\u00eates.<\/p><p><span style=\"color: #ff0000;\"><strong>Important : Les gravats et les v\u00e9g\u00e9taux ne sont pas accept\u00e9s<\/strong><\/span><\/p>\t\t\t\t\t<\/div>\n\t\t\t\t\t\t<\/div>\n\t\t\t\t<\/div>\n\t\t\t\t\t\t<\/div>\n\t\t\t\t\t<\/div>\n\t\t<\/div>\n\t\t\t\t\t\t\t\t<\/div>\n\t\t\t\t\t<\/div>\n\t\t<\/section>\n\t\t\t\t\t\t\t\t\t<\/div>\n\t\t\t<\/div>\n\t\t\t\t\t<\/div>\n\t\t","protected":false},"excerpt":{"rendered":"<p>Le vendredi 22 juillet de 9h \u00e0 15h, la d\u00e9chetterie mobile de l&rsquo;agglom\u00e9ration revient sur notre commune. L&rsquo;espace d\u00e9chetterie sera de nouveau install\u00e9 sur le parking de la salle des f\u00eates. Important : Les gravats et les v\u00e9g\u00e9taux ne sont pas accept\u00e9s<\/p>\n","protected":false},"author":2,"featured_media":6028,"comment_status":"closed","ping_status":"closed","sticky":false,"template":"","format":"standard","meta":[],"categories":[88,91],"tags":[],"_links":{"self":[{"href":"https:\/\/mairie-curienne.fr\/index.php\/wp-json\/wp\/v2\/posts\/6027"}],"collection":[{"href":"https:\/\/mairie-curienne.fr\/index.php\/wp-json\/wp\/v2\/posts"}],"about":[{"href":"https:\/\/mairie-curienne.fr\/index.php\/wp-json\/wp\/v2\/types\/post"}],"author":[{"embeddable":true,"href":"https:\/\/mairie-curienne.fr\/index.php\/wp-json\/wp\/v2\/users\/2"}],"replies":[{"embeddable":true,"href":"https:\/\/mairie-curienne.fr\/index.php\/wp-json\/wp\/v2\/comments?post=6027"}],"version-history":[{"count":5,"href":"https:\/\/mairie-curienne.fr\/index.php\/wp-json\/wp\/v2\/posts\/6027\/revisions"}],"predecessor-version":[{"id":7920,"href":"https:\/\/mairie-curienne.fr\/index.php\/wp-json\/wp\/v2\/posts\/6027\/revisions\/7920"}],"wp:featuredmedia":[{"embeddable":true,"href":"https:\/\/mairie-curienne.fr\/index.php\/wp-json\/wp\/v2\/media\/6028"}],"wp:attachment":[{"href":"https:\/\/mairie-curienne.fr\/index.php\/wp-json\/wp\/v2\/media?parent=6027"}],"wp:term":[{"taxonomy":"category","embeddable":true,"href":"https:\/\/mairie-curienne.fr\/index.php\/wp-json\/wp\/v2\/categories?post=6027"},{"taxonomy":"post_tag","embeddable":true,"href":"https:\/\/mairie-curienne.fr\/index.php\/wp-json\/wp\/v2\/tags?post=6027"}],"curies":[{"name":"wp","href":"https:\/\/api.w.org\/{rel}","templated":true}]}}