{"id":6009,"date":"2022-06-14T09:45:00","date_gmt":"2022-06-14T07:45:00","guid":{"rendered":"https:\/\/mairie-curienne.fr\/?p=6009"},"modified":"2022-06-14T09:53:30","modified_gmt":"2022-06-14T07:53:30","slug":"offres-demploi-sur-le-plateau","status":"publish","type":"post","link":"https:\/\/mairie-curienne.fr\/index.php\/2022\/06\/14\/offres-demploi-sur-le-plateau\/","title":{"rendered":"Offres d&#8217;emploi sur le plateau"},"content":{"rendered":"\t\t<div data-elementor-type=\"wp-post\" data-elementor-id=\"6009\" class=\"elementor elementor-6009\">\n\t\t\t\t\t\t<div class=\"elementor-inner\">\n\t\t\t\t<div class=\"elementor-section-wrap\">\n\t\t\t\t\t\t\t\t\t<section class=\"elementor-section elementor-top-section elementor-element elementor-element-306205e elementor-section-boxed elementor-section-height-default elementor-section-height-default\" data-id=\"306205e\" data-element_type=\"section\">\n\t\t\t\t\t\t<div class=\"elementor-container elementor-column-gap-default\">\n\t\t\t\t\t\t\t<div class=\"elementor-row\">\n\t\t\t\t\t<div class=\"elementor-column elementor-col-100 elementor-top-column elementor-element elementor-element-abfbe5a\" data-id=\"abfbe5a\" data-element_type=\"column\">\n\t\t\t<div class=\"elementor-column-wrap elementor-element-populated\">\n\t\t\t\t\t\t\t<div class=\"elementor-widget-wrap\">\n\t\t\t\t\t\t<div class=\"elementor-element elementor-element-e2091cf elementor-widget elementor-widget-text-editor\" data-id=\"e2091cf\" data-element_type=\"widget\" data-widget_type=\"text-editor.default\">\n\t\t\t\t<div class=\"elementor-widget-container\">\n\t\t\t\t\t\t\t\t<div class=\"elementor-text-editor elementor-clearfix\">\n\t\t\t\t<p>Plusieurs offres d&#8217;emploi sont \u00e0 pouvoir sur le plateau de la Leysse :<\/p><ul><li>Sur Saint-Jean d&rsquo;Arvey un agent r\u00e9f\u00e9rent des services techniques (H\/F) : <a href=\"https:\/\/mairie-curienne.fr\/wp-content\/uploads\/2020\/07\/ANNONCE_RECRUTEMENT_AGENT_REFERENT_STARVEY.pdf\">document pdf de l&rsquo;offre<\/a><\/li><li>Sur Puygros un agent \u00e0 temps annualis\u00e9 : <a href=\"https:\/\/mairie-curienne.fr\/wp-content\/uploads\/2020\/07\/OE_PUYGROS.pdf\">document pdf de l&rsquo;offre<\/a><\/li><li>Sur La Thuile un agent de surveillance des voies publiques : <a href=\"https:\/\/mairie-curienne.fr\/wp-content\/uploads\/2020\/07\/ASVP_LATHUILE.pdf\">document pdf de l&rsquo;offre<\/a><\/li><\/ul>\t\t\t\t\t<\/div>\n\t\t\t\t\t\t<\/div>\n\t\t\t\t<\/div>\n\t\t\t\t\t\t<\/div>\n\t\t\t\t\t<\/div>\n\t\t<\/div>\n\t\t\t\t\t\t\t\t<\/div>\n\t\t\t\t\t<\/div>\n\t\t<\/section>\n\t\t\t\t\t\t\t\t\t<\/div>\n\t\t\t<\/div>\n\t\t\t\t\t<\/div>\n\t\t","protected":false},"excerpt":{"rendered":"<p>Plusieurs offres d&#8217;emploi sont \u00e0 pouvoir sur le plateau de la Leysse : Sur Saint-Jean d&rsquo;Arvey un agent r\u00e9f\u00e9rent des services techniques (H\/F) : document pdf de l&rsquo;offre Sur Puygros un agent \u00e0 temps annualis\u00e9 : document pdf de l&rsquo;offre Sur La Thuile un agent de surveillance des voies publiques : document pdf de l&rsquo;offre<\/p>\n","protected":false},"author":2,"featured_media":0,"comment_status":"closed","ping_status":"closed","sticky":false,"template":"","format":"standard","meta":[],"categories":[88],"tags":[],"_links":{"self":[{"href":"https:\/\/mairie-curienne.fr\/index.php\/wp-json\/wp\/v2\/posts\/6009"}],"collection":[{"href":"https:\/\/mairie-curienne.fr\/index.php\/wp-json\/wp\/v2\/posts"}],"about":[{"href":"https:\/\/mairie-curienne.fr\/index.php\/wp-json\/wp\/v2\/types\/post"}],"author":[{"embeddable":true,"href":"https:\/\/mairie-curienne.fr\/index.php\/wp-json\/wp\/v2\/users\/2"}],"replies":[{"embeddable":true,"href":"https:\/\/mairie-curienne.fr\/index.php\/wp-json\/wp\/v2\/comments?post=6009"}],"version-history":[{"count":5,"href":"https:\/\/mairie-curienne.fr\/index.php\/wp-json\/wp\/v2\/posts\/6009\/revisions"}],"predecessor-version":[{"id":6089,"href":"https:\/\/mairie-curienne.fr\/index.php\/wp-json\/wp\/v2\/posts\/6009\/revisions\/6089"}],"wp:attachment":[{"href":"https:\/\/mairie-curienne.fr\/index.php\/wp-json\/wp\/v2\/media?parent=6009"}],"wp:term":[{"taxonomy":"category","embeddable":true,"href":"https:\/\/mairie-curienne.fr\/index.php\/wp-json\/wp\/v2\/categories?post=6009"},{"taxonomy":"post_tag","embeddable":true,"href":"https:\/\/mairie-curienne.fr\/index.php\/wp-json\/wp\/v2\/tags?post=6009"}],"curies":[{"name":"wp","href":"https:\/\/api.w.org\/{rel}","templated":true}]}}