{"id":5997,"date":"2022-06-12T22:51:55","date_gmt":"2022-06-12T20:51:55","guid":{"rendered":"https:\/\/mairie-curienne.fr\/?p=5997"},"modified":"2022-06-12T22:52:15","modified_gmt":"2022-06-12T20:52:15","slug":"resultats-du-1er-tour-de-lelection-legislative-2022","status":"publish","type":"post","link":"https:\/\/mairie-curienne.fr\/index.php\/2022\/06\/12\/resultats-du-1er-tour-de-lelection-legislative-2022\/","title":{"rendered":"R\u00e9sultats du 1er tour de l\u2019\u00e9lection l\u00e9gislative 2022"},"content":{"rendered":"\t\t<div data-elementor-type=\"wp-post\" data-elementor-id=\"5997\" class=\"elementor elementor-5997\">\n\t\t\t\t\t\t<div class=\"elementor-inner\">\n\t\t\t\t<div class=\"elementor-section-wrap\">\n\t\t\t\t\t\t\t\t\t<section class=\"elementor-section elementor-top-section elementor-element elementor-element-2b8bbf6 elementor-section-boxed elementor-section-height-default elementor-section-height-default\" data-id=\"2b8bbf6\" data-element_type=\"section\">\n\t\t\t\t\t\t<div class=\"elementor-container elementor-column-gap-default\">\n\t\t\t\t\t\t\t<div class=\"elementor-row\">\n\t\t\t\t\t<div class=\"elementor-column elementor-col-100 elementor-top-column elementor-element elementor-element-86d508c\" data-id=\"86d508c\" data-element_type=\"column\">\n\t\t\t<div class=\"elementor-column-wrap elementor-element-populated\">\n\t\t\t\t\t\t\t<div class=\"elementor-widget-wrap\">\n\t\t\t\t\t\t<div class=\"elementor-element elementor-element-414c79d elementor-widget elementor-widget-text-editor\" data-id=\"414c79d\" data-element_type=\"widget\" data-widget_type=\"text-editor.default\">\n\t\t\t\t<div class=\"elementor-widget-container\">\n\t\t\t\t\t\t\t\t<div class=\"elementor-text-editor elementor-clearfix\">\n\t\t\t\t<p>R\u00e9sultats du premier tour de l&rsquo;\u00e9lection l\u00e9gislative du dimanche <strong>12 juin 2022<\/strong> sur la commune de Curienne.<\/p><p>Inscrits : 590 \u00e9lecteurs<\/p><p>Participation : <strong>58,14 %<\/strong> (343 votants)<\/p><p>Suffrages exprim\u00e9s : <strong>98,25 %<\/strong> (337 voix)<\/p><p>Blancs et nuls : <strong>1,75 %<\/strong> (6 blancs et 0 nuls)<\/p><ul><li><strong>35,31 %<\/strong>\u00a0M. COULOMME Jean-Fran\u00e7ois (119 voix)<\/li><li><strong>25,22 %<\/strong> M. MIGNOLA Patrick (85 voix)<\/li><li><strong>17,51 %<\/strong>\u00a0M. GARNIER R\u00e9mi (59 voix)<\/li><li><strong>8,31 %<\/strong>\u00a0M. GAUDIN Fran\u00e7ois (28 voix)<\/li><li><strong>4,45 %<\/strong>\u00a0Mme BOUVIER Mireille (15 voix)<\/li><li><strong>2,67 %<\/strong>\u00a0M. MERCIER David (9 voix)<\/li><li><strong>2,37 %<\/strong>\u00a0Mme DUCRUET Marie (8 voix)<\/li><li><strong>2,08 %<\/strong>\u00a0M. GONZALES Charles (7 voix)<\/li><li><strong>1,78 %<\/strong>\u00a0M. GUILLAUD Albin (6 voix)<\/li><li><strong>0,30 %<\/strong> Mme. FELFOULI Sonia (1 voix)<\/li><\/ul><p style=\"text-align: left;\">Merci \u00e0 tous pour votre participation.<\/p><p style=\"text-align: right;\"><strong>La municipalit\u00e9<\/strong><\/p>\t\t\t\t\t<\/div>\n\t\t\t\t\t\t<\/div>\n\t\t\t\t<\/div>\n\t\t\t\t\t\t<\/div>\n\t\t\t\t\t<\/div>\n\t\t<\/div>\n\t\t\t\t\t\t\t\t<\/div>\n\t\t\t\t\t<\/div>\n\t\t<\/section>\n\t\t\t\t\t\t\t\t\t<\/div>\n\t\t\t<\/div>\n\t\t\t\t\t<\/div>\n\t\t","protected":false},"excerpt":{"rendered":"<p>R\u00e9sultats du premier tour de l&rsquo;\u00e9lection l\u00e9gislative du dimanche 12 juin 2022 sur la commune de Curienne. Inscrits : 590 \u00e9lecteurs Participation : 58,14 % (343 votants) Suffrages exprim\u00e9s : 98,25 % (337 voix) Blancs et nuls : 1,75 % (6 blancs et 0 nuls) 35,31 %\u00a0M. COULOMME Jean-Fran\u00e7ois (119 voix) 25,22 % M. MIGNOLA [&hellip;]<\/p>\n","protected":false},"author":2,"featured_media":0,"comment_status":"closed","ping_status":"closed","sticky":false,"template":"","format":"standard","meta":[],"categories":[88,91],"tags":[],"_links":{"self":[{"href":"https:\/\/mairie-curienne.fr\/index.php\/wp-json\/wp\/v2\/posts\/5997"}],"collection":[{"href":"https:\/\/mairie-curienne.fr\/index.php\/wp-json\/wp\/v2\/posts"}],"about":[{"href":"https:\/\/mairie-curienne.fr\/index.php\/wp-json\/wp\/v2\/types\/post"}],"author":[{"embeddable":true,"href":"https:\/\/mairie-curienne.fr\/index.php\/wp-json\/wp\/v2\/users\/2"}],"replies":[{"embeddable":true,"href":"https:\/\/mairie-curienne.fr\/index.php\/wp-json\/wp\/v2\/comments?post=5997"}],"version-history":[{"count":11,"href":"https:\/\/mairie-curienne.fr\/index.php\/wp-json\/wp\/v2\/posts\/5997\/revisions"}],"predecessor-version":[{"id":7114,"href":"https:\/\/mairie-curienne.fr\/index.php\/wp-json\/wp\/v2\/posts\/5997\/revisions\/7114"}],"wp:attachment":[{"href":"https:\/\/mairie-curienne.fr\/index.php\/wp-json\/wp\/v2\/media?parent=5997"}],"wp:term":[{"taxonomy":"category","embeddable":true,"href":"https:\/\/mairie-curienne.fr\/index.php\/wp-json\/wp\/v2\/categories?post=5997"},{"taxonomy":"post_tag","embeddable":true,"href":"https:\/\/mairie-curienne.fr\/index.php\/wp-json\/wp\/v2\/tags?post=5997"}],"curies":[{"name":"wp","href":"https:\/\/api.w.org\/{rel}","templated":true}]}}