{"id":5990,"date":"2022-06-01T18:22:02","date_gmt":"2022-06-01T16:22:02","guid":{"rendered":"https:\/\/mairie-curienne.fr\/?p=5990"},"modified":"2022-06-01T18:22:45","modified_gmt":"2022-06-01T16:22:45","slug":"cinebus-seances-du-mois-de-juin","status":"publish","type":"post","link":"https:\/\/mairie-curienne.fr\/index.php\/2022\/06\/01\/cinebus-seances-du-mois-de-juin\/","title":{"rendered":"Cin\u00e9bus s\u00e9ances du mois de juin"},"content":{"rendered":"\t\t<div data-elementor-type=\"wp-post\" data-elementor-id=\"5990\" class=\"elementor elementor-5990\">\n\t\t\t\t\t\t<div class=\"elementor-inner\">\n\t\t\t\t<div class=\"elementor-section-wrap\">\n\t\t\t\t\t\t\t\t\t<section class=\"elementor-section elementor-top-section elementor-element elementor-element-a07850e elementor-section-boxed elementor-section-height-default elementor-section-height-default\" data-id=\"a07850e\" data-element_type=\"section\">\n\t\t\t\t\t\t<div class=\"elementor-container elementor-column-gap-default\">\n\t\t\t\t\t\t\t<div class=\"elementor-row\">\n\t\t\t\t\t<div class=\"elementor-column elementor-col-100 elementor-top-column elementor-element elementor-element-10a2bff\" data-id=\"10a2bff\" data-element_type=\"column\">\n\t\t\t<div class=\"elementor-column-wrap elementor-element-populated\">\n\t\t\t\t\t\t\t<div class=\"elementor-widget-wrap\">\n\t\t\t\t\t\t<div class=\"elementor-element elementor-element-c59b524 elementor-widget elementor-widget-text-editor\" data-id=\"c59b524\" data-element_type=\"widget\" data-widget_type=\"text-editor.default\">\n\t\t\t\t<div class=\"elementor-widget-container\">\n\t\t\t\t\t\t\t\t<div class=\"elementor-text-editor elementor-clearfix\">\n\t\t\t\t<p>Les s\u00e9ances propos\u00e9es par Cin\u00e9bus pour le mois de juin :<\/p><p><b>Lundi 13 juin\u00a0<\/b>:<\/p><ul><li>King \u00e0 <strong>17h<\/strong><\/li><\/ul><p>\u00ab\u00a0King, un lionceau destin\u00e9 \u00e0 un trafic, s&rsquo;\u00e9chappe de l&rsquo;a\u00e9roport et se r\u00e9fugie dans la maison d&rsquo;In\u00e8s, 12 ans et Alex, 15. Le fr\u00e8re et la s\u0153ur ont alors l&rsquo;id\u00e9e folle de le ramener chez lui, en Afrique. Mais la traque des douaniers ne leur facilite pas la vie. Lorsque Max, leur grand-p\u00e8re fantasque qu&rsquo;ils n&rsquo;ont vu que deux fois dans leur vie, se joint \u00e0 l&rsquo;aventure, tout devient possible&#8230;\u00a0\u00bb<\/p><ul><li>En corps \u00e0 <strong>20h30<\/strong><\/li><\/ul>\t\t\t\t\t<\/div>\n\t\t\t\t\t\t<\/div>\n\t\t\t\t<\/div>\n\t\t\t\t\t\t<\/div>\n\t\t\t\t\t<\/div>\n\t\t<\/div>\n\t\t\t\t\t\t\t\t<\/div>\n\t\t\t\t\t<\/div>\n\t\t<\/section>\n\t\t\t\t\t\t\t\t\t<\/div>\n\t\t\t<\/div>\n\t\t\t\t\t<\/div>\n\t\t","protected":false},"excerpt":{"rendered":"<p>Les s\u00e9ances propos\u00e9es par Cin\u00e9bus pour le mois de juin : Lundi 13 juin\u00a0: King \u00e0 17h \u00ab\u00a0King, un lionceau destin\u00e9 \u00e0 un trafic, s&rsquo;\u00e9chappe de l&rsquo;a\u00e9roport et se r\u00e9fugie dans la maison d&rsquo;In\u00e8s, 12 ans et Alex, 15. Le fr\u00e8re et la s\u0153ur ont alors l&rsquo;id\u00e9e folle de le ramener chez lui, en Afrique. [&hellip;]<\/p>\n","protected":false},"author":2,"featured_media":5991,"comment_status":"closed","ping_status":"closed","sticky":false,"template":"","format":"standard","meta":[],"categories":[88,90],"tags":[],"_links":{"self":[{"href":"https:\/\/mairie-curienne.fr\/index.php\/wp-json\/wp\/v2\/posts\/5990"}],"collection":[{"href":"https:\/\/mairie-curienne.fr\/index.php\/wp-json\/wp\/v2\/posts"}],"about":[{"href":"https:\/\/mairie-curienne.fr\/index.php\/wp-json\/wp\/v2\/types\/post"}],"author":[{"embeddable":true,"href":"https:\/\/mairie-curienne.fr\/index.php\/wp-json\/wp\/v2\/users\/2"}],"replies":[{"embeddable":true,"href":"https:\/\/mairie-curienne.fr\/index.php\/wp-json\/wp\/v2\/comments?post=5990"}],"version-history":[{"count":5,"href":"https:\/\/mairie-curienne.fr\/index.php\/wp-json\/wp\/v2\/posts\/5990\/revisions"}],"predecessor-version":[{"id":6223,"href":"https:\/\/mairie-curienne.fr\/index.php\/wp-json\/wp\/v2\/posts\/5990\/revisions\/6223"}],"wp:featuredmedia":[{"embeddable":true,"href":"https:\/\/mairie-curienne.fr\/index.php\/wp-json\/wp\/v2\/media\/5991"}],"wp:attachment":[{"href":"https:\/\/mairie-curienne.fr\/index.php\/wp-json\/wp\/v2\/media?parent=5990"}],"wp:term":[{"taxonomy":"category","embeddable":true,"href":"https:\/\/mairie-curienne.fr\/index.php\/wp-json\/wp\/v2\/categories?post=5990"},{"taxonomy":"post_tag","embeddable":true,"href":"https:\/\/mairie-curienne.fr\/index.php\/wp-json\/wp\/v2\/tags?post=5990"}],"curies":[{"name":"wp","href":"https:\/\/api.w.org\/{rel}","templated":true}]}}