{"id":5943,"date":"2022-05-03T16:02:13","date_gmt":"2022-05-03T14:02:13","guid":{"rendered":"https:\/\/mairie-curienne.fr\/?p=5943"},"modified":"2022-05-03T16:06:35","modified_gmt":"2022-05-03T14:06:35","slug":"conference-debat-apprentissage","status":"publish","type":"post","link":"https:\/\/mairie-curienne.fr\/index.php\/2022\/05\/03\/conference-debat-apprentissage\/","title":{"rendered":"Conf\u00e9rence \/ D\u00e9bat sur l&rsquo;apprentissage"},"content":{"rendered":"\t\t<div data-elementor-type=\"wp-post\" data-elementor-id=\"5943\" class=\"elementor elementor-5943\">\n\t\t\t\t\t\t<div class=\"elementor-inner\">\n\t\t\t\t<div class=\"elementor-section-wrap\">\n\t\t\t\t\t\t\t\t\t<section class=\"elementor-section elementor-top-section elementor-element elementor-element-0ec38c2 elementor-section-boxed elementor-section-height-default elementor-section-height-default\" data-id=\"0ec38c2\" data-element_type=\"section\">\n\t\t\t\t\t\t<div class=\"elementor-container elementor-column-gap-default\">\n\t\t\t\t\t\t\t<div class=\"elementor-row\">\n\t\t\t\t\t<div class=\"elementor-column elementor-col-100 elementor-top-column elementor-element elementor-element-e4d056c\" data-id=\"e4d056c\" data-element_type=\"column\">\n\t\t\t<div class=\"elementor-column-wrap elementor-element-populated\">\n\t\t\t\t\t\t\t<div class=\"elementor-widget-wrap\">\n\t\t\t\t\t\t<div class=\"elementor-element elementor-element-b7ced2b elementor-widget elementor-widget-text-editor\" data-id=\"b7ced2b\" data-element_type=\"widget\" data-widget_type=\"text-editor.default\">\n\t\t\t\t<div class=\"elementor-widget-container\">\n\t\t\t\t\t\t\t\t<div class=\"elementor-text-editor elementor-clearfix\">\n\t\t\t\t<p>Ce vendredi <strong>6 mai 2022<\/strong> de <strong>20h \u00e0 21h30<\/strong> \u00e0 la salle des f\u00eates de Curienne aura lieu une conf\u00e9rence suivi d&rsquo;un d\u00e9bat sur le th\u00e8me : accompagner son enfant dans les apprentissages scolaires.<\/p><p>Plus d&rsquo;info : <a href=\"https:\/\/mairie-curienne.fr\/wp-content\/uploads\/2020\/07\/ConferenceDebatSurLesApprentissagesSouDeCurienne.pdf\">document pdf<\/a><\/p>\t\t\t\t\t<\/div>\n\t\t\t\t\t\t<\/div>\n\t\t\t\t<\/div>\n\t\t\t\t\t\t<\/div>\n\t\t\t\t\t<\/div>\n\t\t<\/div>\n\t\t\t\t\t\t\t\t<\/div>\n\t\t\t\t\t<\/div>\n\t\t<\/section>\n\t\t\t\t\t\t\t\t\t<\/div>\n\t\t\t<\/div>\n\t\t\t\t\t<\/div>\n\t\t","protected":false},"excerpt":{"rendered":"<p>Ce vendredi 6 mai 2022 de 20h \u00e0 21h30 \u00e0 la salle des f\u00eates de Curienne aura lieu une conf\u00e9rence suivi d&rsquo;un d\u00e9bat sur le th\u00e8me : accompagner son enfant dans les apprentissages scolaires. Plus d&rsquo;info : document pdf<\/p>\n","protected":false},"author":2,"featured_media":5944,"comment_status":"closed","ping_status":"closed","sticky":false,"template":"","format":"standard","meta":[],"categories":[88,89],"tags":[],"_links":{"self":[{"href":"https:\/\/mairie-curienne.fr\/index.php\/wp-json\/wp\/v2\/posts\/5943"}],"collection":[{"href":"https:\/\/mairie-curienne.fr\/index.php\/wp-json\/wp\/v2\/posts"}],"about":[{"href":"https:\/\/mairie-curienne.fr\/index.php\/wp-json\/wp\/v2\/types\/post"}],"author":[{"embeddable":true,"href":"https:\/\/mairie-curienne.fr\/index.php\/wp-json\/wp\/v2\/users\/2"}],"replies":[{"embeddable":true,"href":"https:\/\/mairie-curienne.fr\/index.php\/wp-json\/wp\/v2\/comments?post=5943"}],"version-history":[{"count":6,"href":"https:\/\/mairie-curienne.fr\/index.php\/wp-json\/wp\/v2\/posts\/5943\/revisions"}],"predecessor-version":[{"id":5951,"href":"https:\/\/mairie-curienne.fr\/index.php\/wp-json\/wp\/v2\/posts\/5943\/revisions\/5951"}],"wp:featuredmedia":[{"embeddable":true,"href":"https:\/\/mairie-curienne.fr\/index.php\/wp-json\/wp\/v2\/media\/5944"}],"wp:attachment":[{"href":"https:\/\/mairie-curienne.fr\/index.php\/wp-json\/wp\/v2\/media?parent=5943"}],"wp:term":[{"taxonomy":"category","embeddable":true,"href":"https:\/\/mairie-curienne.fr\/index.php\/wp-json\/wp\/v2\/categories?post=5943"},{"taxonomy":"post_tag","embeddable":true,"href":"https:\/\/mairie-curienne.fr\/index.php\/wp-json\/wp\/v2\/tags?post=5943"}],"curies":[{"name":"wp","href":"https:\/\/api.w.org\/{rel}","templated":true}]}}