{"id":5934,"date":"2022-04-24T21:05:47","date_gmt":"2022-04-24T19:05:47","guid":{"rendered":"https:\/\/mairie-curienne.fr\/?p=5934"},"modified":"2022-04-24T21:10:31","modified_gmt":"2022-04-24T19:10:31","slug":"resultats-du-2e-tour-de-lelection-presidentielle-2022","status":"publish","type":"post","link":"https:\/\/mairie-curienne.fr\/index.php\/2022\/04\/24\/resultats-du-2e-tour-de-lelection-presidentielle-2022\/","title":{"rendered":"R\u00e9sultats du 2e tour de l&rsquo;\u00e9lection pr\u00e9sidentielle 2022"},"content":{"rendered":"\t\t<div data-elementor-type=\"wp-post\" data-elementor-id=\"5934\" class=\"elementor elementor-5934\">\n\t\t\t\t\t\t<div class=\"elementor-inner\">\n\t\t\t\t<div class=\"elementor-section-wrap\">\n\t\t\t\t\t\t\t\t\t<section class=\"elementor-section elementor-top-section elementor-element elementor-element-4b052c4 elementor-section-boxed elementor-section-height-default elementor-section-height-default\" data-id=\"4b052c4\" data-element_type=\"section\">\n\t\t\t\t\t\t<div class=\"elementor-container elementor-column-gap-default\">\n\t\t\t\t\t\t\t<div class=\"elementor-row\">\n\t\t\t\t\t<div class=\"elementor-column elementor-col-100 elementor-top-column elementor-element elementor-element-b4f6876\" data-id=\"b4f6876\" data-element_type=\"column\">\n\t\t\t<div class=\"elementor-column-wrap elementor-element-populated\">\n\t\t\t\t\t\t\t<div class=\"elementor-widget-wrap\">\n\t\t\t\t\t\t<div class=\"elementor-element elementor-element-eb669d4 elementor-widget elementor-widget-text-editor\" data-id=\"eb669d4\" data-element_type=\"widget\" data-widget_type=\"text-editor.default\">\n\t\t\t\t<div class=\"elementor-widget-container\">\n\t\t\t\t\t\t\t\t<div class=\"elementor-text-editor elementor-clearfix\">\n\t\t\t\t<p>R\u00e9sultats du second tour de l&rsquo;\u00e9lection pr\u00e9sidentielle du dimanche <strong>24 avril 2022<\/strong> sur la commune de Curienne.<\/p><p>Inscrits : 587 \u00e9lecteurs<\/p><p>Participation : <strong>74,11 %<\/strong> (435 votants)<\/p><p>Suffrages exprim\u00e9s : <strong>89,43 %<\/strong> (389 voix)<\/p><p>Blancs et nuls : <strong>10,57 %<\/strong> (33 blancs et 13 nuls)<\/p><ul><li><strong>61,18 %<\/strong> M. MACRON Emmanuel (238 voix)<\/li><li><strong>38,82 %<\/strong> Mme LE PEN Marine (151 voix)<\/li><\/ul><p style=\"text-align: left;\">Merci \u00e0 tous pour votre participation.<\/p><p style=\"text-align: right;\"><strong>La municipalit\u00e9<\/strong><\/p>\t\t\t\t\t<\/div>\n\t\t\t\t\t\t<\/div>\n\t\t\t\t<\/div>\n\t\t\t\t\t\t<\/div>\n\t\t\t\t\t<\/div>\n\t\t<\/div>\n\t\t\t\t\t\t\t\t<\/div>\n\t\t\t\t\t<\/div>\n\t\t<\/section>\n\t\t\t\t\t\t\t\t\t<\/div>\n\t\t\t<\/div>\n\t\t\t\t\t<\/div>\n\t\t","protected":false},"excerpt":{"rendered":"<p>R\u00e9sultats du second tour de l&rsquo;\u00e9lection pr\u00e9sidentielle du dimanche 24 avril 2022 sur la commune de Curienne. Inscrits : 587 \u00e9lecteurs Participation : 74,11 % (435 votants) Suffrages exprim\u00e9s : 89,43 % (389 voix) Blancs et nuls : 10,57 % (33 blancs et 13 nuls) 61,18 % M. MACRON Emmanuel (238 voix) 38,82 % Mme [&hellip;]<\/p>\n","protected":false},"author":2,"featured_media":0,"comment_status":"closed","ping_status":"closed","sticky":false,"template":"","format":"standard","meta":[],"categories":[88,91],"tags":[],"_links":{"self":[{"href":"https:\/\/mairie-curienne.fr\/index.php\/wp-json\/wp\/v2\/posts\/5934"}],"collection":[{"href":"https:\/\/mairie-curienne.fr\/index.php\/wp-json\/wp\/v2\/posts"}],"about":[{"href":"https:\/\/mairie-curienne.fr\/index.php\/wp-json\/wp\/v2\/types\/post"}],"author":[{"embeddable":true,"href":"https:\/\/mairie-curienne.fr\/index.php\/wp-json\/wp\/v2\/users\/2"}],"replies":[{"embeddable":true,"href":"https:\/\/mairie-curienne.fr\/index.php\/wp-json\/wp\/v2\/comments?post=5934"}],"version-history":[{"count":4,"href":"https:\/\/mairie-curienne.fr\/index.php\/wp-json\/wp\/v2\/posts\/5934\/revisions"}],"predecessor-version":[{"id":5941,"href":"https:\/\/mairie-curienne.fr\/index.php\/wp-json\/wp\/v2\/posts\/5934\/revisions\/5941"}],"wp:attachment":[{"href":"https:\/\/mairie-curienne.fr\/index.php\/wp-json\/wp\/v2\/media?parent=5934"}],"wp:term":[{"taxonomy":"category","embeddable":true,"href":"https:\/\/mairie-curienne.fr\/index.php\/wp-json\/wp\/v2\/categories?post=5934"},{"taxonomy":"post_tag","embeddable":true,"href":"https:\/\/mairie-curienne.fr\/index.php\/wp-json\/wp\/v2\/tags?post=5934"}],"curies":[{"name":"wp","href":"https:\/\/api.w.org\/{rel}","templated":true}]}}