{"id":5927,"date":"2022-04-22T23:10:04","date_gmt":"2022-04-22T21:10:04","guid":{"rendered":"https:\/\/mairie-curienne.fr\/?p=5927"},"modified":"2022-04-22T23:13:29","modified_gmt":"2022-04-22T21:13:29","slug":"ecole-a-la-maison","status":"publish","type":"post","link":"https:\/\/mairie-curienne.fr\/index.php\/2022\/04\/22\/ecole-a-la-maison\/","title":{"rendered":"\u00c9cole \u00e0 la maison"},"content":{"rendered":"\t\t<div data-elementor-type=\"wp-post\" data-elementor-id=\"5927\" class=\"elementor elementor-5927\">\n\t\t\t\t\t\t<div class=\"elementor-inner\">\n\t\t\t\t<div class=\"elementor-section-wrap\">\n\t\t\t\t\t\t\t\t\t<section class=\"elementor-section elementor-top-section elementor-element elementor-element-7f84c86 elementor-section-boxed elementor-section-height-default elementor-section-height-default\" data-id=\"7f84c86\" data-element_type=\"section\">\n\t\t\t\t\t\t<div class=\"elementor-container elementor-column-gap-default\">\n\t\t\t\t\t\t\t<div class=\"elementor-row\">\n\t\t\t\t\t<div class=\"elementor-column elementor-col-100 elementor-top-column elementor-element elementor-element-c9f7a68\" data-id=\"c9f7a68\" data-element_type=\"column\">\n\t\t\t<div class=\"elementor-column-wrap elementor-element-populated\">\n\t\t\t\t\t\t\t<div class=\"elementor-widget-wrap\">\n\t\t\t\t\t\t<div class=\"elementor-element elementor-element-d28b6ec elementor-widget elementor-widget-text-editor\" data-id=\"d28b6ec\" data-element_type=\"widget\" data-widget_type=\"text-editor.default\">\n\t\t\t\t<div class=\"elementor-widget-container\">\n\t\t\t\t\t\t\t\t<div class=\"elementor-text-editor elementor-clearfix\">\n\t\t\t\t<p>Vous souhaitez faire l&rsquo;\u00e9cole \u00e0 la maison pour la rentr\u00e9e scolaire <strong>2022-2023<\/strong> ?<\/p><p>Vous devez pour cela effectuer les d\u00e9marches et remplir les documents demand\u00e9s par l&rsquo;\u00e9ducation nationale, vous avez jusqu&rsquo;au <strong>31 mai 2022 inclus<\/strong> pour inscrire votre enfant dans une d\u00e9marche d&rsquo;instruction \u00e0 la maison. Le cerfa \u00e0 remplir est l\u00e9g\u00e8rement diff\u00e9rent en fonction de si l&rsquo;enfant est nouvellement inscrit, ou si c&rsquo;est un simple renouvellement, voir le mail de l&rsquo;\u00e9ducation national ci-dessous pour plus d&rsquo;informations.<\/p><p>Veuillez trouver les documents suivants pour vous aider dans vos d\u00e9marches :<\/p><ul><li><a href=\"https:\/\/mairie-curienne.fr\/wp-content\/uploads\/2020\/07\/mail_EN.pdf\">Mail de l&rsquo;\u00e9ducation national<\/a><\/li><li><a href=\"https:\/\/mairie-curienne.fr\/wp-content\/uploads\/2020\/07\/Flyer_IEF.pdf\">Flyer sur l&rsquo;instruction en famille<\/a><\/li><li><a href=\"https:\/\/mairie-curienne.fr\/wp-content\/uploads\/2020\/07\/cerfa_16212-01.pdf\">Cerfa 16212-01<\/a><\/li><li><a href=\"https:\/\/mairie-curienne.fr\/wp-content\/uploads\/2020\/07\/cerfa_16213-01.pdf\">Cerfa 16213-01<\/a><\/li><\/ul><p>Les informations compl\u00e8tes et cerfas sont \u00e0 retrouver sur : <a href=\"https:\/\/www.service-public.fr\/particuliers\/vosdroits\/F23429\">https:\/\/www.service-public.fr\/particuliers\/vosdroits\/F23429<\/a><\/p><p style=\"text-align: right;\"><strong>[Extrait de la rubrique \u00ab\u00a0Jeunesse\u00a0\u00bb -&gt; \u00ab\u00a0\u00c9cole\u00a0\u00bb]<\/strong><\/p>\t\t\t\t\t<\/div>\n\t\t\t\t\t\t<\/div>\n\t\t\t\t<\/div>\n\t\t\t\t\t\t<\/div>\n\t\t\t\t\t<\/div>\n\t\t<\/div>\n\t\t\t\t\t\t\t\t<\/div>\n\t\t\t\t\t<\/div>\n\t\t<\/section>\n\t\t\t\t\t\t\t\t\t<\/div>\n\t\t\t<\/div>\n\t\t\t\t\t<\/div>\n\t\t","protected":false},"excerpt":{"rendered":"<p>Vous souhaitez faire l&rsquo;\u00e9cole \u00e0 la maison pour la rentr\u00e9e scolaire 2022-2023 ? Vous devez pour cela effectuer les d\u00e9marches et remplir les documents demand\u00e9s par l&rsquo;\u00e9ducation nationale, vous avez jusqu&rsquo;au 31 mai 2022 inclus pour inscrire votre enfant dans une d\u00e9marche d&rsquo;instruction \u00e0 la maison. Le cerfa \u00e0 remplir est l\u00e9g\u00e8rement diff\u00e9rent en fonction [&hellip;]<\/p>\n","protected":false},"author":2,"featured_media":3375,"comment_status":"closed","ping_status":"closed","sticky":false,"template":"","format":"standard","meta":[],"categories":[88,89],"tags":[],"_links":{"self":[{"href":"https:\/\/mairie-curienne.fr\/index.php\/wp-json\/wp\/v2\/posts\/5927"}],"collection":[{"href":"https:\/\/mairie-curienne.fr\/index.php\/wp-json\/wp\/v2\/posts"}],"about":[{"href":"https:\/\/mairie-curienne.fr\/index.php\/wp-json\/wp\/v2\/types\/post"}],"author":[{"embeddable":true,"href":"https:\/\/mairie-curienne.fr\/index.php\/wp-json\/wp\/v2\/users\/2"}],"replies":[{"embeddable":true,"href":"https:\/\/mairie-curienne.fr\/index.php\/wp-json\/wp\/v2\/comments?post=5927"}],"version-history":[{"count":4,"href":"https:\/\/mairie-curienne.fr\/index.php\/wp-json\/wp\/v2\/posts\/5927\/revisions"}],"predecessor-version":[{"id":5933,"href":"https:\/\/mairie-curienne.fr\/index.php\/wp-json\/wp\/v2\/posts\/5927\/revisions\/5933"}],"wp:featuredmedia":[{"embeddable":true,"href":"https:\/\/mairie-curienne.fr\/index.php\/wp-json\/wp\/v2\/media\/3375"}],"wp:attachment":[{"href":"https:\/\/mairie-curienne.fr\/index.php\/wp-json\/wp\/v2\/media?parent=5927"}],"wp:term":[{"taxonomy":"category","embeddable":true,"href":"https:\/\/mairie-curienne.fr\/index.php\/wp-json\/wp\/v2\/categories?post=5927"},{"taxonomy":"post_tag","embeddable":true,"href":"https:\/\/mairie-curienne.fr\/index.php\/wp-json\/wp\/v2\/tags?post=5927"}],"curies":[{"name":"wp","href":"https:\/\/api.w.org\/{rel}","templated":true}]}}