{"id":5917,"date":"2022-04-22T21:02:00","date_gmt":"2022-04-22T19:02:00","guid":{"rendered":"https:\/\/mairie-curienne.fr\/?p=5917"},"modified":"2022-04-22T23:06:49","modified_gmt":"2022-04-22T21:06:49","slug":"astronomie-mercredi-27-avril","status":"publish","type":"post","link":"https:\/\/mairie-curienne.fr\/index.php\/2022\/04\/22\/astronomie-mercredi-27-avril\/","title":{"rendered":"Astronomie mercredi 27 avril"},"content":{"rendered":"\t\t<div data-elementor-type=\"wp-post\" data-elementor-id=\"5917\" class=\"elementor elementor-5917\">\n\t\t\t\t\t\t<div class=\"elementor-inner\">\n\t\t\t\t<div class=\"elementor-section-wrap\">\n\t\t\t\t\t\t\t\t\t<section class=\"elementor-section elementor-top-section elementor-element elementor-element-7eb72de elementor-section-boxed elementor-section-height-default elementor-section-height-default\" data-id=\"7eb72de\" data-element_type=\"section\">\n\t\t\t\t\t\t<div class=\"elementor-container elementor-column-gap-default\">\n\t\t\t\t\t\t\t<div class=\"elementor-row\">\n\t\t\t\t\t<div class=\"elementor-column elementor-col-100 elementor-top-column elementor-element elementor-element-ecc9c43\" data-id=\"ecc9c43\" data-element_type=\"column\">\n\t\t\t<div class=\"elementor-column-wrap elementor-element-populated\">\n\t\t\t\t\t\t\t<div class=\"elementor-widget-wrap\">\n\t\t\t\t\t\t<div class=\"elementor-element elementor-element-56ef258 elementor-widget elementor-widget-text-editor\" data-id=\"56ef258\" data-element_type=\"widget\" data-widget_type=\"text-editor.default\">\n\t\t\t\t<div class=\"elementor-widget-container\">\n\t\t\t\t\t\t\t\t<div class=\"elementor-text-editor elementor-clearfix\">\n\t\t\t\t<p>Si vous souhaitez faire de l&rsquo;astronomie il reste encore l&rsquo;apr\u00e8s-midi du mercredi 27 avril avec une s\u00e9ance sur les \u00e9toiles et une s\u00e9ance sur le syst\u00e8me solaire :<\/p><ul><li><a href=\"https:\/\/mairie-curienne.fr\/wp-content\/uploads\/2020\/07\/AstroProgrammePrintemps2022.pdf\">Programme d&rsquo;astronomie et informations de r\u00e9servation<\/a><\/li><\/ul><p style=\"text-align: right;\"><strong>Les Points C\u00e9lestes<\/strong><\/p>\t\t\t\t\t<\/div>\n\t\t\t\t\t\t<\/div>\n\t\t\t\t<\/div>\n\t\t\t\t\t\t<\/div>\n\t\t\t\t\t<\/div>\n\t\t<\/div>\n\t\t\t\t\t\t\t\t<\/div>\n\t\t\t\t\t<\/div>\n\t\t<\/section>\n\t\t\t\t\t\t\t\t\t<\/div>\n\t\t\t<\/div>\n\t\t\t\t\t<\/div>\n\t\t","protected":false},"excerpt":{"rendered":"<p>Si vous souhaitez faire de l&rsquo;astronomie il reste encore l&rsquo;apr\u00e8s-midi du mercredi 27 avril avec une s\u00e9ance sur les \u00e9toiles et une s\u00e9ance sur le syst\u00e8me solaire : Programme d&rsquo;astronomie et informations de r\u00e9servation Les Points C\u00e9lestes<\/p>\n","protected":false},"author":2,"featured_media":5920,"comment_status":"closed","ping_status":"closed","sticky":false,"template":"","format":"standard","meta":[],"categories":[88,90],"tags":[],"_links":{"self":[{"href":"https:\/\/mairie-curienne.fr\/index.php\/wp-json\/wp\/v2\/posts\/5917"}],"collection":[{"href":"https:\/\/mairie-curienne.fr\/index.php\/wp-json\/wp\/v2\/posts"}],"about":[{"href":"https:\/\/mairie-curienne.fr\/index.php\/wp-json\/wp\/v2\/types\/post"}],"author":[{"embeddable":true,"href":"https:\/\/mairie-curienne.fr\/index.php\/wp-json\/wp\/v2\/users\/2"}],"replies":[{"embeddable":true,"href":"https:\/\/mairie-curienne.fr\/index.php\/wp-json\/wp\/v2\/comments?post=5917"}],"version-history":[{"count":7,"href":"https:\/\/mairie-curienne.fr\/index.php\/wp-json\/wp\/v2\/posts\/5917\/revisions"}],"predecessor-version":[{"id":5926,"href":"https:\/\/mairie-curienne.fr\/index.php\/wp-json\/wp\/v2\/posts\/5917\/revisions\/5926"}],"wp:featuredmedia":[{"embeddable":true,"href":"https:\/\/mairie-curienne.fr\/index.php\/wp-json\/wp\/v2\/media\/5920"}],"wp:attachment":[{"href":"https:\/\/mairie-curienne.fr\/index.php\/wp-json\/wp\/v2\/media?parent=5917"}],"wp:term":[{"taxonomy":"category","embeddable":true,"href":"https:\/\/mairie-curienne.fr\/index.php\/wp-json\/wp\/v2\/categories?post=5917"},{"taxonomy":"post_tag","embeddable":true,"href":"https:\/\/mairie-curienne.fr\/index.php\/wp-json\/wp\/v2\/tags?post=5917"}],"curies":[{"name":"wp","href":"https:\/\/api.w.org\/{rel}","templated":true}]}}