{"id":5853,"date":"2022-04-14T09:20:14","date_gmt":"2022-04-14T07:20:14","guid":{"rendered":"https:\/\/mairie-curienne.fr\/?p=5853"},"modified":"2022-04-14T09:21:43","modified_gmt":"2022-04-14T07:21:43","slug":"les-rencarts-du-parc-2022","status":"publish","type":"post","link":"https:\/\/mairie-curienne.fr\/index.php\/2022\/04\/14\/les-rencarts-du-parc-2022\/","title":{"rendered":"Les Renc&rsquo;arts du Parc 2022"},"content":{"rendered":"\t\t<div data-elementor-type=\"wp-post\" data-elementor-id=\"5853\" class=\"elementor elementor-5853\">\n\t\t\t\t\t\t<div class=\"elementor-inner\">\n\t\t\t\t<div class=\"elementor-section-wrap\">\n\t\t\t\t\t\t\t\t\t<section class=\"elementor-section elementor-top-section elementor-element elementor-element-f2c1fd2 elementor-section-boxed elementor-section-height-default elementor-section-height-default\" data-id=\"f2c1fd2\" data-element_type=\"section\">\n\t\t\t\t\t\t<div class=\"elementor-container elementor-column-gap-default\">\n\t\t\t\t\t\t\t<div class=\"elementor-row\">\n\t\t\t\t\t<div class=\"elementor-column elementor-col-100 elementor-top-column elementor-element elementor-element-482a3d2\" data-id=\"482a3d2\" data-element_type=\"column\">\n\t\t\t<div class=\"elementor-column-wrap elementor-element-populated\">\n\t\t\t\t\t\t\t<div class=\"elementor-widget-wrap\">\n\t\t\t\t\t\t<div class=\"elementor-element elementor-element-46d483f elementor-widget elementor-widget-text-editor\" data-id=\"46d483f\" data-element_type=\"widget\" data-widget_type=\"text-editor.default\">\n\t\t\t\t<div class=\"elementor-widget-container\">\n\t\t\t\t\t\t\t\t<div class=\"elementor-text-editor elementor-clearfix\">\n\t\t\t\t<p>De mai \u00e0 octobre 2022, venez d\u00e9couvrir ou red\u00e9couvrir le massif des Bauges gr\u00e2ce \u00e0 des \u00e9v\u00e8nements et animations organis\u00e9s au c\u0153ur de nos communes du massif des Bauges.<\/p><p>Les animations sont gratuites mais l&rsquo;inscription est obligatoire :<\/p>\t\t\t\t\t<\/div>\n\t\t\t\t\t\t<\/div>\n\t\t\t\t<\/div>\n\t\t\t\t<div class=\"elementor-element elementor-element-2833a87 elementor-widget-tablet__width-inherit elementor-widget elementor-widget-ova_contact_info\" data-id=\"2833a87\" data-element_type=\"widget\" data-widget_type=\"ova_contact_info.default\">\n\t\t\t\t<div class=\"elementor-widget-container\">\n\t\t\t\t\t<div class=\"ova-contact-info type1\">\n\n\t\t\t<div class=\"icon\">\n\t\t\t\t<i class=\"fas fa-phone\"><\/i>\t\t\t<\/div>\n\n\t\t\t\t\t\t\t<div class=\"address\">\n\t\t\t\t\t\t\t\t\t\t\t\t\t\t\t<span class=\"text_link\"><a href='tel:+334 79 54 86 40'>T\u00e9l\u00e9phone : <span>04 79 54 86 40<\/span><\/a><\/span>\n\t\t\t\t<\/div>\n\t\t\t\t\t\t\n\t\t<\/div>\n\t\t\t\t<\/div>\n\t\t\t\t<\/div>\n\t\t\t\t<div class=\"elementor-element elementor-element-913381c elementor-widget-tablet__width-inherit elementor-widget elementor-widget-ova_contact_info\" data-id=\"913381c\" data-element_type=\"widget\" data-widget_type=\"ova_contact_info.default\">\n\t\t\t\t<div class=\"elementor-widget-container\">\n\t\t\t\t\t<div class=\"ova-contact-info type1\">\n\n\t\t\t<div class=\"icon\">\n\t\t\t\t<i class=\"fas fa-envelope\"><\/i>\t\t\t<\/div>\n\n\t\t\t\t\t\t\t<div class=\"address\">\n\t\t\t\t\t\t\t\t\t\t\t\t\t\t\t<span class=\"text_link\"><a href='mailto:info@parcdesbauges.com'>Email : <span>info@parcdesbauges.com<\/span><\/a><\/span>\n\t\t\t\t<\/div>\n\t\t\t\t\t\t\n\t\t<\/div>\n\t\t\t\t<\/div>\n\t\t\t\t<\/div>\n\t\t\t\t<div class=\"elementor-element elementor-element-2983e41 elementor-widget elementor-widget-text-editor\" data-id=\"2983e41\" data-element_type=\"widget\" data-widget_type=\"text-editor.default\">\n\t\t\t\t<div class=\"elementor-widget-container\">\n\t\t\t\t\t\t\t\t<div class=\"elementor-text-editor elementor-clearfix\">\n\t\t\t\t<p>D\u00e9couvrez l&rsquo;ensemble du programme avec les documents suivants :<\/p><ul><li><a href=\"https:\/\/mairie-curienne.fr\/wp-content\/uploads\/2020\/07\/Les-Rencarts-du-Parc-2022.pdf\">Programme et calendrier des \u00e9v\u00e8nements<\/a><\/li><li><a href=\"https:\/\/mairie-curienne.fr\/wp-content\/uploads\/2020\/07\/Les-rencontres-du-Geo-Parc-2022-CARTE.pdf\">Carte et calendrier des \u00e9v\u00e8nements<\/a><\/li><\/ul><p style=\"text-align: right;\"><strong>Le Parc du massif des Bauges<\/strong><\/p>\t\t\t\t\t<\/div>\n\t\t\t\t\t\t<\/div>\n\t\t\t\t<\/div>\n\t\t\t\t\t\t<\/div>\n\t\t\t\t\t<\/div>\n\t\t<\/div>\n\t\t\t\t\t\t\t\t<\/div>\n\t\t\t\t\t<\/div>\n\t\t<\/section>\n\t\t\t\t\t\t\t\t\t<\/div>\n\t\t\t<\/div>\n\t\t\t\t\t<\/div>\n\t\t","protected":false},"excerpt":{"rendered":"<p>De mai \u00e0 octobre 2022, venez d\u00e9couvrir ou red\u00e9couvrir le massif des Bauges gr\u00e2ce \u00e0 des \u00e9v\u00e8nements et animations organis\u00e9s au c\u0153ur de nos communes du massif des Bauges. Les animations sont gratuites mais l&rsquo;inscription est obligatoire : T\u00e9l\u00e9phone : 04 79 54 86 40 Email : info@parcdesbauges.com D\u00e9couvrez l&rsquo;ensemble du programme avec les documents [&hellip;]<\/p>\n","protected":false},"author":2,"featured_media":5855,"comment_status":"closed","ping_status":"closed","sticky":false,"template":"","format":"standard","meta":[],"categories":[88,90],"tags":[],"_links":{"self":[{"href":"https:\/\/mairie-curienne.fr\/index.php\/wp-json\/wp\/v2\/posts\/5853"}],"collection":[{"href":"https:\/\/mairie-curienne.fr\/index.php\/wp-json\/wp\/v2\/posts"}],"about":[{"href":"https:\/\/mairie-curienne.fr\/index.php\/wp-json\/wp\/v2\/types\/post"}],"author":[{"embeddable":true,"href":"https:\/\/mairie-curienne.fr\/index.php\/wp-json\/wp\/v2\/users\/2"}],"replies":[{"embeddable":true,"href":"https:\/\/mairie-curienne.fr\/index.php\/wp-json\/wp\/v2\/comments?post=5853"}],"version-history":[{"count":28,"href":"https:\/\/mairie-curienne.fr\/index.php\/wp-json\/wp\/v2\/posts\/5853\/revisions"}],"predecessor-version":[{"id":5884,"href":"https:\/\/mairie-curienne.fr\/index.php\/wp-json\/wp\/v2\/posts\/5853\/revisions\/5884"}],"wp:featuredmedia":[{"embeddable":true,"href":"https:\/\/mairie-curienne.fr\/index.php\/wp-json\/wp\/v2\/media\/5855"}],"wp:attachment":[{"href":"https:\/\/mairie-curienne.fr\/index.php\/wp-json\/wp\/v2\/media?parent=5853"}],"wp:term":[{"taxonomy":"category","embeddable":true,"href":"https:\/\/mairie-curienne.fr\/index.php\/wp-json\/wp\/v2\/categories?post=5853"},{"taxonomy":"post_tag","embeddable":true,"href":"https:\/\/mairie-curienne.fr\/index.php\/wp-json\/wp\/v2\/tags?post=5853"}],"curies":[{"name":"wp","href":"https:\/\/api.w.org\/{rel}","templated":true}]}}