{"id":5783,"date":"2022-03-31T10:24:32","date_gmt":"2022-03-31T08:24:32","guid":{"rendered":"https:\/\/mairie-curienne.fr\/?p=5783"},"modified":"2022-03-31T10:28:56","modified_gmt":"2022-03-31T08:28:56","slug":"chasse-aux-oeufs-de-paques","status":"publish","type":"post","link":"https:\/\/mairie-curienne.fr\/index.php\/2022\/03\/31\/chasse-aux-oeufs-de-paques\/","title":{"rendered":"Chasse aux \u0153ufs de P\u00e2ques"},"content":{"rendered":"\t\t<div data-elementor-type=\"wp-post\" data-elementor-id=\"5783\" class=\"elementor elementor-5783\">\n\t\t\t\t\t\t<div class=\"elementor-inner\">\n\t\t\t\t<div class=\"elementor-section-wrap\">\n\t\t\t\t\t\t\t\t\t<section class=\"elementor-section elementor-top-section elementor-element elementor-element-d2c7834 elementor-section-boxed elementor-section-height-default elementor-section-height-default\" data-id=\"d2c7834\" data-element_type=\"section\">\n\t\t\t\t\t\t<div class=\"elementor-container elementor-column-gap-default\">\n\t\t\t\t\t\t\t<div class=\"elementor-row\">\n\t\t\t\t\t<div class=\"elementor-column elementor-col-100 elementor-top-column elementor-element elementor-element-2e31a66\" data-id=\"2e31a66\" data-element_type=\"column\">\n\t\t\t<div class=\"elementor-column-wrap elementor-element-populated\">\n\t\t\t\t\t\t\t<div class=\"elementor-widget-wrap\">\n\t\t\t\t\t\t<div class=\"elementor-element elementor-element-52d7055 elementor-widget elementor-widget-text-editor\" data-id=\"52d7055\" data-element_type=\"widget\" data-widget_type=\"text-editor.default\">\n\t\t\t\t<div class=\"elementor-widget-container\">\n\t\t\t\t\t\t\t\t<div class=\"elementor-text-editor elementor-clearfix\">\n\t\t\t\t<p>Le dimanche <strong>10 avril 2022<\/strong> \u00e0 10h00 une chasse aux \u0153ufs de P\u00e2ques est organis\u00e9e \u00e0 la plage du Lac de <strong>La Thuile<\/strong> suivi d\u2019un pique-nique partag\u00e9 et une buvette sur place au profit du Sou de l\u2019\u00e9cole de La Thuile.<\/p><p style=\"text-align: right;\"><strong>Le Sou de l&rsquo;\u00e9cole de La Thuile<\/strong><\/p>\t\t\t\t\t<\/div>\n\t\t\t\t\t\t<\/div>\n\t\t\t\t<\/div>\n\t\t\t\t\t\t<\/div>\n\t\t\t\t\t<\/div>\n\t\t<\/div>\n\t\t\t\t\t\t\t\t<\/div>\n\t\t\t\t\t<\/div>\n\t\t<\/section>\n\t\t\t\t\t\t\t\t\t<\/div>\n\t\t\t<\/div>\n\t\t\t\t\t<\/div>\n\t\t","protected":false},"excerpt":{"rendered":"<p>Le dimanche 10 avril 2022 \u00e0 10h00 une chasse aux \u0153ufs de P\u00e2ques est organis\u00e9e \u00e0 la plage du Lac de La Thuile suivi d\u2019un pique-nique partag\u00e9 et une buvette sur place au profit du Sou de l\u2019\u00e9cole de La Thuile. Le Sou de l&rsquo;\u00e9cole de La Thuile<\/p>\n","protected":false},"author":2,"featured_media":5784,"comment_status":"closed","ping_status":"closed","sticky":false,"template":"","format":"standard","meta":[],"categories":[88,90],"tags":[],"_links":{"self":[{"href":"https:\/\/mairie-curienne.fr\/index.php\/wp-json\/wp\/v2\/posts\/5783"}],"collection":[{"href":"https:\/\/mairie-curienne.fr\/index.php\/wp-json\/wp\/v2\/posts"}],"about":[{"href":"https:\/\/mairie-curienne.fr\/index.php\/wp-json\/wp\/v2\/types\/post"}],"author":[{"embeddable":true,"href":"https:\/\/mairie-curienne.fr\/index.php\/wp-json\/wp\/v2\/users\/2"}],"replies":[{"embeddable":true,"href":"https:\/\/mairie-curienne.fr\/index.php\/wp-json\/wp\/v2\/comments?post=5783"}],"version-history":[{"count":8,"href":"https:\/\/mairie-curienne.fr\/index.php\/wp-json\/wp\/v2\/posts\/5783\/revisions"}],"predecessor-version":[{"id":5792,"href":"https:\/\/mairie-curienne.fr\/index.php\/wp-json\/wp\/v2\/posts\/5783\/revisions\/5792"}],"wp:featuredmedia":[{"embeddable":true,"href":"https:\/\/mairie-curienne.fr\/index.php\/wp-json\/wp\/v2\/media\/5784"}],"wp:attachment":[{"href":"https:\/\/mairie-curienne.fr\/index.php\/wp-json\/wp\/v2\/media?parent=5783"}],"wp:term":[{"taxonomy":"category","embeddable":true,"href":"https:\/\/mairie-curienne.fr\/index.php\/wp-json\/wp\/v2\/categories?post=5783"},{"taxonomy":"post_tag","embeddable":true,"href":"https:\/\/mairie-curienne.fr\/index.php\/wp-json\/wp\/v2\/tags?post=5783"}],"curies":[{"name":"wp","href":"https:\/\/api.w.org\/{rel}","templated":true}]}}