{"id":5760,"date":"2022-03-07T08:44:11","date_gmt":"2022-03-07T07:44:11","guid":{"rendered":"https:\/\/mairie-curienne.fr\/?p=5760"},"modified":"2022-03-07T08:44:13","modified_gmt":"2022-03-07T07:44:13","slug":"appel-aux-volontaires-pour-lelection-presidentielle","status":"publish","type":"post","link":"https:\/\/mairie-curienne.fr\/index.php\/2022\/03\/07\/appel-aux-volontaires-pour-lelection-presidentielle\/","title":{"rendered":"Appel aux volontaires pour l&rsquo;\u00e9lection pr\u00e9sidentielle"},"content":{"rendered":"\t\t<div data-elementor-type=\"wp-post\" data-elementor-id=\"5760\" class=\"elementor elementor-5760\">\n\t\t\t\t\t\t<div class=\"elementor-inner\">\n\t\t\t\t<div class=\"elementor-section-wrap\">\n\t\t\t\t\t\t\t\t\t<section class=\"elementor-section elementor-top-section elementor-element elementor-element-56d32c7 elementor-section-boxed elementor-section-height-default elementor-section-height-default\" data-id=\"56d32c7\" data-element_type=\"section\">\n\t\t\t\t\t\t<div class=\"elementor-container elementor-column-gap-default\">\n\t\t\t\t\t\t\t<div class=\"elementor-row\">\n\t\t\t\t\t<div class=\"elementor-column elementor-col-100 elementor-top-column elementor-element elementor-element-dda5977\" data-id=\"dda5977\" data-element_type=\"column\">\n\t\t\t<div class=\"elementor-column-wrap elementor-element-populated\">\n\t\t\t\t\t\t\t<div class=\"elementor-widget-wrap\">\n\t\t\t\t\t\t<div class=\"elementor-element elementor-element-d0a1227 elementor-widget elementor-widget-text-editor\" data-id=\"d0a1227\" data-element_type=\"widget\" data-widget_type=\"text-editor.default\">\n\t\t\t\t<div class=\"elementor-widget-container\">\n\t\t\t\t\t\t\t\t<div class=\"elementor-text-editor elementor-clearfix\">\n\t\t\t\t<p>Notre commune lance un appel \u00e0 volontaires pour la tenue des bureaux de vote de l&rsquo;\u00e9lection pr\u00e9sidentielle les\u00a0<strong>10 et 24 avril <\/strong>prochains.<\/p><p>Si vous avez plus de 18 ans et \u00eates \u00e9lecteurs en Savoie, vous pouvez devenir assesseur dans un bureau de vote de la commune pour les prochaines \u00e9lections.<\/p>\t\t\t\t\t<\/div>\n\t\t\t\t\t\t<\/div>\n\t\t\t\t<\/div>\n\t\t\t\t<div class=\"elementor-element elementor-element-63ec32d elementor-widget elementor-widget-heading\" data-id=\"63ec32d\" data-element_type=\"widget\" data-widget_type=\"heading.default\">\n\t\t\t\t<div class=\"elementor-widget-container\">\n\t\t\t<h2 class=\"elementor-heading-title elementor-size-default\">Quel est le r\u00f4le d\u2019un assesseur ?<\/h2>\t\t<\/div>\n\t\t\t\t<\/div>\n\t\t\t\t<div class=\"elementor-element elementor-element-1811d35 elementor-widget elementor-widget-text-editor\" data-id=\"1811d35\" data-element_type=\"widget\" data-widget_type=\"text-editor.default\">\n\t\t\t\t<div class=\"elementor-widget-container\">\n\t\t\t\t\t\t\t\t<div class=\"elementor-text-editor elementor-clearfix\">\n\t\t\t\t<p>Membres des bureaux de vote, les assesseurs, b\u00e9n\u00e9voles (Article R44 du Code Electoral), participent au d\u00e9roulement des op\u00e9rations \u00e9lectorales. Ils sont g\u00e9n\u00e9ralement charg\u00e9s :<\/p><ul><li>de contr\u00f4ler et faire signer la liste d\u2019\u00e9margement<\/li><li>d\u2019apposer sur la carte \u00e9lectorale le timbre portant la date du scrutin<\/li><li>de suppl\u00e9er ou d\u2019assister le pr\u00e9sident et proc\u00e9der au contr\u00f4le d\u2019identit\u00e9 des \u00e9lecteurs<\/li><li>de participer \u00e0 la cl\u00f4ture du scrutin et au d\u00e9pouillement des votes<\/li><\/ul>\t\t\t\t\t<\/div>\n\t\t\t\t\t\t<\/div>\n\t\t\t\t<\/div>\n\t\t\t\t<div class=\"elementor-element elementor-element-950421d elementor-widget elementor-widget-heading\" data-id=\"950421d\" data-element_type=\"widget\" data-widget_type=\"heading.default\">\n\t\t\t\t<div class=\"elementor-widget-container\">\n\t\t\t<h2 class=\"elementor-heading-title elementor-size-default\">Vos disponibilit\u00e9s<\/h2>\t\t<\/div>\n\t\t\t\t<\/div>\n\t\t\t\t<div class=\"elementor-element elementor-element-ee1e1ec elementor-widget elementor-widget-text-editor\" data-id=\"ee1e1ec\" data-element_type=\"widget\" data-widget_type=\"text-editor.default\">\n\t\t\t\t<div class=\"elementor-widget-container\">\n\t\t\t\t\t\t\t\t<div class=\"elementor-text-editor elementor-clearfix\">\n\t\t\t\t<p>Le <strong>10 avril<\/strong> et\/ou le <strong>24 avril<\/strong>, entre 7h45 et 20h, le matin ou l\u2019apr\u00e8s-midi.<\/p>\t\t\t\t\t<\/div>\n\t\t\t\t\t\t<\/div>\n\t\t\t\t<\/div>\n\t\t\t\t<div class=\"elementor-element elementor-element-33c8091 elementor-widget elementor-widget-text-editor\" data-id=\"33c8091\" data-element_type=\"widget\" data-widget_type=\"text-editor.default\">\n\t\t\t\t<div class=\"elementor-widget-container\">\n\t\t\t\t\t\t\t\t<div class=\"elementor-text-editor elementor-clearfix\">\n\t\t\t\t<p><strong>Si vous souhaitez \u00eatre assesseur b\u00e9n\u00e9vole, prenez contact avec la mairie :<\/strong><\/p>\t\t\t\t\t<\/div>\n\t\t\t\t\t\t<\/div>\n\t\t\t\t<\/div>\n\t\t\t\t<div class=\"elementor-element elementor-element-ba2d15f elementor-widget-tablet__width-inherit elementor-widget elementor-widget-ova_contact_info\" data-id=\"ba2d15f\" data-element_type=\"widget\" data-widget_type=\"ova_contact_info.default\">\n\t\t\t\t<div class=\"elementor-widget-container\">\n\t\t\t\t\t<div class=\"ova-contact-info type1\">\n\n\t\t\t<div class=\"icon\">\n\t\t\t\t<i class=\"fas fa-phone\"><\/i>\t\t\t<\/div>\n\n\t\t\t\t\t\t\t<div class=\"address\">\n\t\t\t\t\t\t\t\t\t\t\t\t\t\t\t<span class=\"text_link\"><a href='tel:+334 79 84 71 60'>T\u00e9l\u00e9phone : <span>04 79 84 71 60<\/span><\/a><\/span>\n\t\t\t\t<\/div>\n\t\t\t\t\t\t\n\t\t<\/div>\n\t\t\t\t<\/div>\n\t\t\t\t<\/div>\n\t\t\t\t<div class=\"elementor-element elementor-element-75b861f elementor-widget-tablet__width-inherit elementor-widget elementor-widget-ova_contact_info\" data-id=\"75b861f\" data-element_type=\"widget\" data-widget_type=\"ova_contact_info.default\">\n\t\t\t\t<div class=\"elementor-widget-container\">\n\t\t\t\t\t<div class=\"ova-contact-info type1\">\n\n\t\t\t<div class=\"icon\">\n\t\t\t\t<i class=\"fas fa-envelope\"><\/i>\t\t\t<\/div>\n\n\t\t\t\t\t\t\t<div class=\"address\">\n\t\t\t\t\t\t\t\t\t\t\t\t\t\t\t<span class=\"text_link\"><a href='mailto:mairie.curienne@wanadoo.fr'>Email : <span>mairie.curienne@wanadoo.fr<\/span><\/a><\/span>\n\t\t\t\t<\/div>\n\t\t\t\t\t\t\n\t\t<\/div>\n\t\t\t\t<\/div>\n\t\t\t\t<\/div>\n\t\t\t\t<div class=\"elementor-element elementor-element-9f5712a elementor-widget elementor-widget-text-editor\" data-id=\"9f5712a\" data-element_type=\"widget\" data-widget_type=\"text-editor.default\">\n\t\t\t\t<div class=\"elementor-widget-container\">\n\t\t\t\t\t\t\t\t<div class=\"elementor-text-editor elementor-clearfix\">\n\t\t\t\t<p>Et merci d\u2019indiquer vos disponibilit\u00e9s pour :<\/p><p>Le dimanche <strong>10 avril<\/strong> matin ou apr\u00e8s-midi.<br \/>Le dimanche <strong>24 avril<\/strong>\u00a0matin ou apr\u00e8s-midi.<\/p>\t\t\t\t\t<\/div>\n\t\t\t\t\t\t<\/div>\n\t\t\t\t<\/div>\n\t\t\t\t<div class=\"elementor-element elementor-element-b4141eb elementor-widget elementor-widget-text-editor\" data-id=\"b4141eb\" data-element_type=\"widget\" data-widget_type=\"text-editor.default\">\n\t\t\t\t<div class=\"elementor-widget-container\">\n\t\t\t\t\t\t\t\t<div class=\"elementor-text-editor elementor-clearfix\">\n\t\t\t\t<p><em>Note : Les assesseurs seront accompagn\u00e9s et form\u00e9s en amont.\u00a0<\/em><\/p>\t\t\t\t\t<\/div>\n\t\t\t\t\t\t<\/div>\n\t\t\t\t<\/div>\n\t\t\t\t\t\t<\/div>\n\t\t\t\t\t<\/div>\n\t\t<\/div>\n\t\t\t\t\t\t\t\t<\/div>\n\t\t\t\t\t<\/div>\n\t\t<\/section>\n\t\t\t\t\t\t\t\t\t<\/div>\n\t\t\t<\/div>\n\t\t\t\t\t<\/div>\n\t\t","protected":false},"excerpt":{"rendered":"<p>Notre commune lance un appel \u00e0 volontaires pour la tenue des bureaux de vote de l&rsquo;\u00e9lection pr\u00e9sidentielle les&nbsp;10 et 24 avril prochains. Si vous avez plus de 18 ans et \u00eates \u00e9lecteurs en Savoie, vous pouvez devenir assesseur dans un bureau de vote de la commune pour les prochaines \u00e9lections. Quel est le r\u00f4le d\u2019un [&hellip;]<\/p>\n","protected":false},"author":2,"featured_media":4740,"comment_status":"closed","ping_status":"closed","sticky":false,"template":"","format":"standard","meta":[],"categories":[88],"tags":[],"_links":{"self":[{"href":"https:\/\/mairie-curienne.fr\/index.php\/wp-json\/wp\/v2\/posts\/5760"}],"collection":[{"href":"https:\/\/mairie-curienne.fr\/index.php\/wp-json\/wp\/v2\/posts"}],"about":[{"href":"https:\/\/mairie-curienne.fr\/index.php\/wp-json\/wp\/v2\/types\/post"}],"author":[{"embeddable":true,"href":"https:\/\/mairie-curienne.fr\/index.php\/wp-json\/wp\/v2\/users\/2"}],"replies":[{"embeddable":true,"href":"https:\/\/mairie-curienne.fr\/index.php\/wp-json\/wp\/v2\/comments?post=5760"}],"version-history":[{"count":11,"href":"https:\/\/mairie-curienne.fr\/index.php\/wp-json\/wp\/v2\/posts\/5760\/revisions"}],"predecessor-version":[{"id":5772,"href":"https:\/\/mairie-curienne.fr\/index.php\/wp-json\/wp\/v2\/posts\/5760\/revisions\/5772"}],"wp:featuredmedia":[{"embeddable":true,"href":"https:\/\/mairie-curienne.fr\/index.php\/wp-json\/wp\/v2\/media\/4740"}],"wp:attachment":[{"href":"https:\/\/mairie-curienne.fr\/index.php\/wp-json\/wp\/v2\/media?parent=5760"}],"wp:term":[{"taxonomy":"category","embeddable":true,"href":"https:\/\/mairie-curienne.fr\/index.php\/wp-json\/wp\/v2\/categories?post=5760"},{"taxonomy":"post_tag","embeddable":true,"href":"https:\/\/mairie-curienne.fr\/index.php\/wp-json\/wp\/v2\/tags?post=5760"}],"curies":[{"name":"wp","href":"https:\/\/api.w.org\/{rel}","templated":true}]}}