{"id":5753,"date":"2022-03-01T17:11:59","date_gmt":"2022-03-01T16:11:59","guid":{"rendered":"https:\/\/mairie-curienne.fr\/?p=5753"},"modified":"2022-03-07T08:25:07","modified_gmt":"2022-03-07T07:25:07","slug":"info-inscription-sur-les-listes-electorales","status":"publish","type":"post","link":"https:\/\/mairie-curienne.fr\/index.php\/2022\/03\/01\/info-inscription-sur-les-listes-electorales\/","title":{"rendered":"INFO &#8211; Inscription sur les listes \u00e9lectorales"},"content":{"rendered":"\t\t<div data-elementor-type=\"wp-post\" data-elementor-id=\"5753\" class=\"elementor elementor-5753\">\n\t\t\t\t\t\t<div class=\"elementor-inner\">\n\t\t\t\t<div class=\"elementor-section-wrap\">\n\t\t\t\t\t\t\t\t\t<section class=\"elementor-section elementor-top-section elementor-element elementor-element-a3763b1 elementor-section-boxed elementor-section-height-default elementor-section-height-default\" data-id=\"a3763b1\" data-element_type=\"section\">\n\t\t\t\t\t\t<div class=\"elementor-container elementor-column-gap-default\">\n\t\t\t\t\t\t\t<div class=\"elementor-row\">\n\t\t\t\t\t<div class=\"elementor-column elementor-col-100 elementor-top-column elementor-element elementor-element-4b23f8b\" data-id=\"4b23f8b\" data-element_type=\"column\">\n\t\t\t<div class=\"elementor-column-wrap elementor-element-populated\">\n\t\t\t\t\t\t\t<div class=\"elementor-widget-wrap\">\n\t\t\t\t\t\t<div class=\"elementor-element elementor-element-5de1e16 elementor-widget elementor-widget-text-editor\" data-id=\"5de1e16\" data-element_type=\"widget\" data-widget_type=\"text-editor.default\">\n\t\t\t\t<div class=\"elementor-widget-container\">\n\t\t\t\t\t\t\t\t<div class=\"elementor-text-editor elementor-clearfix\">\n\t\t\t\t<p>Pour vous inscrire et voter lors de l&rsquo;\u00e9lection pr\u00e9sidentielle 2022, il ne reste plus beaucoup de temps !&nbsp;<\/p>\n<p><span style=\"font-family: var( --e-global-typography-text-font-family ), Sans-serif; font-weight: var( --e-global-typography-text-font-weight ); letter-spacing: 0px;\">Vous pouvez vous inscrire <\/span><span style=\"font-family: var( --e-global-typography-text-font-family ), Sans-serif; letter-spacing: 0px;\"><b><u>en ligne<\/u><\/b><\/span><span style=\"font-family: var( --e-global-typography-text-font-family ), Sans-serif; letter-spacing: 0px;\"><b><u> jusqu&rsquo;au mercredi 2 mars<\/u><\/b><\/span><span style=\"font-family: var( --e-global-typography-text-font-family ), Sans-serif; font-weight: var( --e-global-typography-text-font-weight ); letter-spacing: 0px;\"> pour voter lors de l&rsquo;\u00e9lection pr\u00e9sidentielle de 2022.&nbsp;<\/span><span style=\"font-family: var( --e-global-typography-text-font-family ), Sans-serif; font-weight: var( --e-global-typography-text-font-weight ); letter-spacing: 0px;\">En mairie, vous pourrez encore vous inscrire les jeudi 3 mars et vendredi 4 mars si vous compl\u00e9tez ce<a href=\"https:\/\/www.service-public.fr\/particuliers\/vosdroits\/R16024\">&nbsp;formulaire cerfa<\/a>&nbsp;et le d\u00e9poser avec les pi\u00e8ces compl\u00e9mentaires (&nbsp; pi\u00e8ce d&rsquo;identit\u00e9, justificatif de domicile).&nbsp;<\/span><\/p>\n<p><span style=\"font-family: var( --e-global-typography-text-font-family ), Sans-serif; font-weight: var( --e-global-typography-text-font-weight ); letter-spacing: 0px;\">L&rsquo;inscription sur les listes \u00e9lectorales est une d\u00e9marche gratuite. Veillez \u00e0 ne pas utiliser de sites internet priv\u00e9s, car s&rsquo;ils ne sont pas raccord\u00e9s aux services de votre commune, votre demande d&rsquo;inscription ne sera pas transmise.<\/span><br><\/p>\t\t\t\t\t<\/div>\n\t\t\t\t\t\t<\/div>\n\t\t\t\t<\/div>\n\t\t\t\t\t\t<\/div>\n\t\t\t\t\t<\/div>\n\t\t<\/div>\n\t\t\t\t\t\t\t\t<\/div>\n\t\t\t\t\t<\/div>\n\t\t<\/section>\n\t\t\t\t\t\t\t\t\t<\/div>\n\t\t\t<\/div>\n\t\t\t\t\t<\/div>\n\t\t","protected":false},"excerpt":{"rendered":"<p>Pour vous inscrire et voter lors de l&rsquo;\u00e9lection pr\u00e9sidentielle 2022, il ne reste plus beaucoup de temps !&nbsp; Vous pouvez vous inscrire en ligne jusqu&rsquo;au mercredi 2 mars pour voter lors de l&rsquo;\u00e9lection pr\u00e9sidentielle de 2022.&nbsp;En mairie, vous pourrez encore vous inscrire les jeudi 3 mars et vendredi 4 mars si vous compl\u00e9tez ce&nbsp;formulaire cerfa&nbsp;et [&hellip;]<\/p>\n","protected":false},"author":3,"featured_media":0,"comment_status":"closed","ping_status":"closed","sticky":false,"template":"","format":"standard","meta":[],"categories":[88,91],"tags":[],"_links":{"self":[{"href":"https:\/\/mairie-curienne.fr\/index.php\/wp-json\/wp\/v2\/posts\/5753"}],"collection":[{"href":"https:\/\/mairie-curienne.fr\/index.php\/wp-json\/wp\/v2\/posts"}],"about":[{"href":"https:\/\/mairie-curienne.fr\/index.php\/wp-json\/wp\/v2\/types\/post"}],"author":[{"embeddable":true,"href":"https:\/\/mairie-curienne.fr\/index.php\/wp-json\/wp\/v2\/users\/3"}],"replies":[{"embeddable":true,"href":"https:\/\/mairie-curienne.fr\/index.php\/wp-json\/wp\/v2\/comments?post=5753"}],"version-history":[{"count":5,"href":"https:\/\/mairie-curienne.fr\/index.php\/wp-json\/wp\/v2\/posts\/5753\/revisions"}],"predecessor-version":[{"id":5758,"href":"https:\/\/mairie-curienne.fr\/index.php\/wp-json\/wp\/v2\/posts\/5753\/revisions\/5758"}],"wp:attachment":[{"href":"https:\/\/mairie-curienne.fr\/index.php\/wp-json\/wp\/v2\/media?parent=5753"}],"wp:term":[{"taxonomy":"category","embeddable":true,"href":"https:\/\/mairie-curienne.fr\/index.php\/wp-json\/wp\/v2\/categories?post=5753"},{"taxonomy":"post_tag","embeddable":true,"href":"https:\/\/mairie-curienne.fr\/index.php\/wp-json\/wp\/v2\/tags?post=5753"}],"curies":[{"name":"wp","href":"https:\/\/api.w.org\/{rel}","templated":true}]}}